{"id":1006,"date":"2021-09-22T13:34:32","date_gmt":"2021-09-22T13:34:32","guid":{"rendered":"https:\/\/vsdorfstetten.ac.at\/?p=1006"},"modified":"2021-09-27T16:33:14","modified_gmt":"2021-09-27T16:33:14","slug":"aktion-schutzengel","status":"publish","type":"post","link":"https:\/\/vsdorfstetten.ac.at\/index.php\/2021\/09\/22\/aktion-schutzengel\/","title":{"rendered":"Aktion Schutzengel"},"content":{"rendered":"\n<p>Auch dieses Jahr wird wieder mit der <strong>Aktion Schutzengel<\/strong> auf unsere kleinsten Verkehrsteilnehmer aufmerksam gemacht. Die Sch\u00fcler und Sch\u00fclerinnen lernten im Unterricht \u00fcber <strong>m\u00f6gliche Gefahrenquellen <\/strong>auf ihrem <strong>Schulweg<\/strong>. Als kleine Aufmerksamkeit bekamen sie eine <strong>Radfahrklingel <\/strong>und ein <strong>kleines B\u00fcchlein <\/strong>geschenkt. <\/p>\n\n\n\n<ul class=\"wp-container-2 wp-block-gallery-1 wp-block-gallery columns-1 is-cropped\"><li class=\"blocks-gallery-item\"><figure><img loading=\"lazy\" width=\"600\" height=\"450\" src=\"https:\/\/vsdorfstetten.ac.at\/wp-content\/uploads\/2021\/09\/IMG_20210917_075904.jpg\" alt=\"\" data-id=\"1015\" data-link=\"https:\/\/vsdorfstetten.ac.at\/?attachment_id=1015\" class=\"wp-image-1015\" srcset=\"https:\/\/vsdorfstetten.ac.at\/wp-content\/uploads\/2021\/09\/IMG_20210917_075904.jpg 600w, https:\/\/vsdorfstetten.ac.at\/wp-content\/uploads\/2021\/09\/IMG_20210917_075904-300x225.jpg 300w\" sizes=\"(max-width: 600px) 100vw, 600px\" \/><\/figure><\/li><li class=\"blocks-gallery-item\"><figure><img loading=\"lazy\" width=\"600\" height=\"450\" src=\"https:\/\/vsdorfstetten.ac.at\/wp-content\/uploads\/2021\/09\/IMG_20210917_094017.jpg\" alt=\"\" data-id=\"1016\" data-link=\"https:\/\/vsdorfstetten.ac.at\/?attachment_id=1016\" class=\"wp-image-1016\" srcset=\"https:\/\/vsdorfstetten.ac.at\/wp-content\/uploads\/2021\/09\/IMG_20210917_094017.jpg 600w, https:\/\/vsdorfstetten.ac.at\/wp-content\/uploads\/2021\/09\/IMG_20210917_094017-300x225.jpg 300w\" sizes=\"(max-width: 600px) 100vw, 600px\" \/><\/figure><\/li><\/ul>\n","protected":false},"excerpt":{"rendered":"<p>Auch dieses Jahr wird wieder mit der Aktion Schutzengel auf unsere kleinsten Verkehrsteilnehmer aufmerksam gemacht. Die Sch\u00fcler und Sch\u00fclerinnen lernten &hellip; <\/p>\n","protected":false},"author":1,"featured_media":0,"comment_status":"closed","ping_status":"closed","sticky":false,"template":"","format":"standard","meta":[],"categories":[1],"tags":[],"_links":{"self":[{"href":"https:\/\/vsdorfstetten.ac.at\/index.php\/wp-json\/wp\/v2\/posts\/1006"}],"collection":[{"href":"https:\/\/vsdorfstetten.ac.at\/index.php\/wp-json\/wp\/v2\/posts"}],"about":[{"href":"https:\/\/vsdorfstetten.ac.at\/index.php\/wp-json\/wp\/v2\/types\/post"}],"author":[{"embeddable":true,"href":"https:\/\/vsdorfstetten.ac.at\/index.php\/wp-json\/wp\/v2\/users\/1"}],"replies":[{"embeddable":true,"href":"https:\/\/vsdorfstetten.ac.at\/index.php\/wp-json\/wp\/v2\/comments?post=1006"}],"version-history":[{"count":3,"href":"https:\/\/vsdorfstetten.ac.at\/index.php\/wp-json\/wp\/v2\/posts\/1006\/revisions"}],"predecessor-version":[{"id":1017,"href":"https:\/\/vsdorfstetten.ac.at\/index.php\/wp-json\/wp\/v2\/posts\/1006\/revisions\/1017"}],"wp:attachment":[{"href":"https:\/\/vsdorfstetten.ac.at\/index.php\/wp-json\/wp\/v2\/media?parent=1006"}],"wp:term":[{"taxonomy":"category","embeddable":true,"href":"https:\/\/vsdorfstetten.ac.at\/index.php\/wp-json\/wp\/v2\/categories?post=1006"},{"taxonomy":"post_tag","embeddable":true,"href":"https:\/\/vsdorfstetten.ac.at\/index.php\/wp-json\/wp\/v2\/tags?post=1006"}],"curies":[{"name":"wp","href":"https:\/\/api.w.org\/{rel}","templated":true}]}}