{"id":1055,"date":"2021-10-12T05:34:09","date_gmt":"2021-10-12T05:34:09","guid":{"rendered":"https:\/\/vsdorfstetten.ac.at\/?p=1055"},"modified":"2024-02-26T11:16:14","modified_gmt":"2024-02-26T11:16:14","slug":"abschiedsfeier","status":"publish","type":"post","link":"https:\/\/vsdorfstetten.ac.at\/index.php\/2021\/10\/12\/abschiedsfeier\/","title":{"rendered":"Abschiedsfeier"},"content":{"rendered":"\n<p>Am <strong>8. Oktober 2021<\/strong> verabschiedeten wir uns von unserer langj\u00e4hrigen <strong>Schulleiterin Elisabeth Kilnbeck<\/strong>. Sie hat in den vergangenen 9 Jahren die VS Dorfstetten mit Herz und gro\u00dfem Engagement geleitet. Durch ihren Einsatz und ihre umsichtige Arbeit hat sie unsere Schule sehr gepr\u00e4gt. Daf\u00fcr wollen wir ihr ein<strong> herzliches Dankesch\u00f6n<\/strong> aussprechen. F\u00fcr ihre neue Aufgabe an der VS Persenbeug w\u00fcnschen wir ihr alles Gute.<\/p>\n\n\n\n<p>Im Rahmen dieser Feier durften wir einige Momente der letzten 9 Jahre noch einmal revue passieren lassen. Die Kinder gestalteten das Programm mit humorvollen <strong>T\u00e4nzen<\/strong>, <strong>Gedichten<\/strong> und <strong>Liedern<\/strong>. Dabei wurde Frau Kilnbecks Arbeit in unterschiedlicher Weise wiedergegeben. Umrahmt wurde die Feier zudem von einer <strong>Bl\u00e4sergruppe der Musikschule<\/strong>. <\/p>\n\n\n\n<p>An dieser Stelle m\u00f6chten wir all jenen herzlich danken, die diese Feier durch ihr Mitwirken und ihre Unterst\u00fctzung zu einem so w\u00fcrdevollen und unvergesslichen Fest gemacht haben.<\/p>\n\n\n\n<p><\/p>\n\n\n\n<figure class=\"wp-container-2 wp-block-gallery-1 wp-block-gallery has-nested-images columns-2 is-cropped\">\n<figure class=\"wp-block-image\"><img loading=\"lazy\" width=\"600\" height=\"450\" data-id=\"1059\"  src=\"https:\/\/vsdorfstetten.ac.at\/wp-content\/uploads\/2021\/10\/indexio.jpg\" alt=\"\" class=\"wp-image-1059\" srcset=\"https:\/\/vsdorfstetten.ac.at\/wp-content\/uploads\/2021\/10\/indexio.jpg 600w, https:\/\/vsdorfstetten.ac.at\/wp-content\/uploads\/2021\/10\/indexio-300x225.jpg 300w\" sizes=\"(max-width: 600px) 100vw, 600px\" \/><\/figure>\n\n\n\n<figure class=\"wp-block-image\"><img loading=\"lazy\" width=\"600\" height=\"800\" data-id=\"1063\"  src=\"https:\/\/vsdorfstetten.ac.at\/wp-content\/uploads\/2021\/10\/indexssaaaa.jpg\" alt=\"\" class=\"wp-image-1063\" srcset=\"https:\/\/vsdorfstetten.ac.at\/wp-content\/uploads\/2021\/10\/indexssaaaa.jpg 600w, https:\/\/vsdorfstetten.ac.at\/wp-content\/uploads\/2021\/10\/indexssaaaa-225x300.jpg 225w\" sizes=\"(max-width: 600px) 100vw, 600px\" \/><\/figure>\n<\/figure>\n\n\n<div class=\"wp-block-image\">\n<figure class=\"aligncenter is-resized\"><img loading=\"lazy\" src=\"https:\/\/vsdorfstetten.ac.at\/wp-content\/uploads\/2021\/10\/indexasdfas-1.jpg\" alt=\"\" class=\"wp-image-1070\" width=\"574\" height=\"431\" srcset=\"https:\/\/vsdorfstetten.ac.at\/wp-content\/uploads\/2021\/10\/indexasdfas-1.jpg 800w, https:\/\/vsdorfstetten.ac.at\/wp-content\/uploads\/2021\/10\/indexasdfas-1-300x225.jpg 300w, https:\/\/vsdorfstetten.ac.at\/wp-content\/uploads\/2021\/10\/indexasdfas-1-768x576.jpg 768w\" sizes=\"(max-width: 574px) 100vw, 574px\" \/><\/figure><\/div>\n\n<div class=\"wp-block-image\">\n<figure class=\"aligncenter is-resized\"><img loading=\"lazy\" src=\"https:\/\/vsdorfstetten.ac.at\/wp-content\/uploads\/2021\/10\/rtzutruzt-1.jpg\" alt=\"\" class=\"wp-image-1073\" width=\"588\" height=\"330\" srcset=\"https:\/\/vsdorfstetten.ac.at\/wp-content\/uploads\/2021\/10\/rtzutruzt-1.jpg 600w, https:\/\/vsdorfstetten.ac.at\/wp-content\/uploads\/2021\/10\/rtzutruzt-1-300x169.jpg 300w\" sizes=\"(max-width: 588px) 100vw, 588px\" \/><\/figure><\/div>","protected":false},"excerpt":{"rendered":"<p>Am 8. Oktober 2021 verabschiedeten wir uns von unserer langj\u00e4hrigen Schulleiterin Elisabeth Kilnbeck. Sie hat in den vergangenen 9 Jahren &hellip; <\/p>\n","protected":false},"author":1,"featured_media":0,"comment_status":"closed","ping_status":"closed","sticky":false,"template":"","format":"standard","meta":[],"categories":[1],"tags":[],"_links":{"self":[{"href":"https:\/\/vsdorfstetten.ac.at\/index.php\/wp-json\/wp\/v2\/posts\/1055"}],"collection":[{"href":"https:\/\/vsdorfstetten.ac.at\/index.php\/wp-json\/wp\/v2\/posts"}],"about":[{"href":"https:\/\/vsdorfstetten.ac.at\/index.php\/wp-json\/wp\/v2\/types\/post"}],"author":[{"embeddable":true,"href":"https:\/\/vsdorfstetten.ac.at\/index.php\/wp-json\/wp\/v2\/users\/1"}],"replies":[{"embeddable":true,"href":"https:\/\/vsdorfstetten.ac.at\/index.php\/wp-json\/wp\/v2\/comments?post=1055"}],"version-history":[{"count":11,"href":"https:\/\/vsdorfstetten.ac.at\/index.php\/wp-json\/wp\/v2\/posts\/1055\/revisions"}],"predecessor-version":[{"id":3236,"href":"https:\/\/vsdorfstetten.ac.at\/index.php\/wp-json\/wp\/v2\/posts\/1055\/revisions\/3236"}],"wp:attachment":[{"href":"https:\/\/vsdorfstetten.ac.at\/index.php\/wp-json\/wp\/v2\/media?parent=1055"}],"wp:term":[{"taxonomy":"category","embeddable":true,"href":"https:\/\/vsdorfstetten.ac.at\/index.php\/wp-json\/wp\/v2\/categories?post=1055"},{"taxonomy":"post_tag","embeddable":true,"href":"https:\/\/vsdorfstetten.ac.at\/index.php\/wp-json\/wp\/v2\/tags?post=1055"}],"curies":[{"name":"wp","href":"https:\/\/api.w.org\/{rel}","templated":true}]}}