{"id":1182,"date":"2021-12-23T08:44:40","date_gmt":"2021-12-23T08:44:40","guid":{"rendered":"https:\/\/vsdorfstetten.ac.at\/?p=1182"},"modified":"2022-01-13T15:24:46","modified_gmt":"2022-01-13T15:24:46","slug":"spende-fur-die-rote-nasen-clowndoctors","status":"publish","type":"post","link":"https:\/\/vsdorfstetten.ac.at\/index.php\/2021\/12\/23\/spende-fur-die-rote-nasen-clowndoctors\/","title":{"rendered":"Spende f\u00fcr die &#8222;Rote Nasen Clowndoctors&#8220;"},"content":{"rendered":"\n<p>F\u00fcr die Aktion &#8222;Rote Nasen Weihnachtskarten&#8220;<strong> zeichneten und malten<\/strong> die Sch\u00fclerinnen und Sch\u00fcler <strong>Weihnachtskarten<\/strong>, die dann verkauft wurden. Der <strong>Erl\u00f6s<\/strong> von 90\u20ac ging an die Organisation &#8222;Rote Nasen Clowndoctors&#8220;. So wurde doppelt Freude geschenkt &#8211; denjenigen, die Karten bekamen und den Patientinnen und Patienten in den Spit\u00e4lern, denen mit der Spende Besuch von den Clowndoctos erm\u00f6glicht wurden. <\/p>\n\n\n\n<ul class=\"wp-container-2 wp-block-gallery-1 wp-block-gallery columns-1 is-cropped\"><li class=\"blocks-gallery-item\"><figure><img loading=\"lazy\" width=\"1024\" height=\"768\" src=\"https:\/\/vsdorfstetten.ac.at\/wp-content\/uploads\/2022\/01\/IMG_20211207_092428-1024x768.jpg\" alt=\"\" data-id=\"1183\" data-link=\"https:\/\/vsdorfstetten.ac.at\/?attachment_id=1183\" class=\"wp-image-1183\" srcset=\"https:\/\/vsdorfstetten.ac.at\/wp-content\/uploads\/2022\/01\/IMG_20211207_092428-1024x768.jpg 1024w, https:\/\/vsdorfstetten.ac.at\/wp-content\/uploads\/2022\/01\/IMG_20211207_092428-300x225.jpg 300w, https:\/\/vsdorfstetten.ac.at\/wp-content\/uploads\/2022\/01\/IMG_20211207_092428-768x576.jpg 768w\" sizes=\"(max-width: 1024px) 100vw, 1024px\" \/><\/figure><\/li><li class=\"blocks-gallery-item\"><figure><img loading=\"lazy\" width=\"1024\" height=\"768\" src=\"https:\/\/vsdorfstetten.ac.at\/wp-content\/uploads\/2022\/01\/IMG_20211207_092440-1024x768.jpg\" alt=\"\" data-id=\"1184\" data-link=\"https:\/\/vsdorfstetten.ac.at\/?attachment_id=1184\" class=\"wp-image-1184\" srcset=\"https:\/\/vsdorfstetten.ac.at\/wp-content\/uploads\/2022\/01\/IMG_20211207_092440-1024x768.jpg 1024w, https:\/\/vsdorfstetten.ac.at\/wp-content\/uploads\/2022\/01\/IMG_20211207_092440-300x225.jpg 300w, https:\/\/vsdorfstetten.ac.at\/wp-content\/uploads\/2022\/01\/IMG_20211207_092440-768x576.jpg 768w\" sizes=\"(max-width: 1024px) 100vw, 1024px\" \/><\/figure><\/li><\/ul>\n\n\n\n<p><\/p>\n","protected":false},"excerpt":{"rendered":"<p>F\u00fcr die Aktion &#8222;Rote Nasen Weihnachtskarten&#8220; zeichneten und malten die Sch\u00fclerinnen und Sch\u00fcler Weihnachtskarten, die dann verkauft wurden. Der Erl\u00f6s &hellip; <\/p>\n","protected":false},"author":1,"featured_media":0,"comment_status":"closed","ping_status":"closed","sticky":false,"template":"","format":"standard","meta":[],"categories":[1],"tags":[],"_links":{"self":[{"href":"https:\/\/vsdorfstetten.ac.at\/index.php\/wp-json\/wp\/v2\/posts\/1182"}],"collection":[{"href":"https:\/\/vsdorfstetten.ac.at\/index.php\/wp-json\/wp\/v2\/posts"}],"about":[{"href":"https:\/\/vsdorfstetten.ac.at\/index.php\/wp-json\/wp\/v2\/types\/post"}],"author":[{"embeddable":true,"href":"https:\/\/vsdorfstetten.ac.at\/index.php\/wp-json\/wp\/v2\/users\/1"}],"replies":[{"embeddable":true,"href":"https:\/\/vsdorfstetten.ac.at\/index.php\/wp-json\/wp\/v2\/comments?post=1182"}],"version-history":[{"count":4,"href":"https:\/\/vsdorfstetten.ac.at\/index.php\/wp-json\/wp\/v2\/posts\/1182\/revisions"}],"predecessor-version":[{"id":1228,"href":"https:\/\/vsdorfstetten.ac.at\/index.php\/wp-json\/wp\/v2\/posts\/1182\/revisions\/1228"}],"wp:attachment":[{"href":"https:\/\/vsdorfstetten.ac.at\/index.php\/wp-json\/wp\/v2\/media?parent=1182"}],"wp:term":[{"taxonomy":"category","embeddable":true,"href":"https:\/\/vsdorfstetten.ac.at\/index.php\/wp-json\/wp\/v2\/categories?post=1182"},{"taxonomy":"post_tag","embeddable":true,"href":"https:\/\/vsdorfstetten.ac.at\/index.php\/wp-json\/wp\/v2\/tags?post=1182"}],"curies":[{"name":"wp","href":"https:\/\/api.w.org\/{rel}","templated":true}]}}