{"id":1229,"date":"2022-02-04T17:31:28","date_gmt":"2022-02-04T17:31:28","guid":{"rendered":"https:\/\/vsdorfstetten.ac.at\/?p=1229"},"modified":"2022-02-16T10:00:06","modified_gmt":"2022-02-16T10:00:06","slug":"eislauftag-2022","status":"publish","type":"post","link":"https:\/\/vsdorfstetten.ac.at\/index.php\/2022\/02\/04\/eislauftag-2022\/","title":{"rendered":"Eislauftag 2022"},"content":{"rendered":"\n<p> Am 02. Februar 2022 fand der Eislauftag in der Eishalle Amstetten statt. Alle 25 Sch\u00fclerinnen und Sch\u00fcler waren mit ihren  Lehrerinnen mit gro\u00dfer Begeisterung und viel Geschick auf dem  Eislaufplatz unterwegs. Die Kleinen wurden von den Gro\u00dfen unterst\u00fctzt und alle zusammen hatten sichtlich viel Spa\u00df auf dem Eis. <\/p>\n\n\n\n<div class=\"wp-block-image\"><figure class=\"aligncenter is-resized\"><img loading=\"lazy\" src=\"https:\/\/vsdorfstetten.ac.at\/wp-content\/uploads\/2022\/02\/IMG_20220202_101439-1-1024x768.jpg\" alt=\"\" class=\"wp-image-1249\" width=\"461\" height=\"346\" srcset=\"https:\/\/vsdorfstetten.ac.at\/wp-content\/uploads\/2022\/02\/IMG_20220202_101439-1-1024x768.jpg 1024w, https:\/\/vsdorfstetten.ac.at\/wp-content\/uploads\/2022\/02\/IMG_20220202_101439-1-300x225.jpg 300w, https:\/\/vsdorfstetten.ac.at\/wp-content\/uploads\/2022\/02\/IMG_20220202_101439-1-768x576.jpg 768w\" sizes=\"(max-width: 461px) 100vw, 461px\" \/><\/figure><\/div>\n\n\n\n<ul class=\"wp-container-2 wp-block-gallery-1 wp-block-gallery columns-3 is-cropped\"><li class=\"blocks-gallery-item\"><figure><img loading=\"lazy\" width=\"600\" height=\"800\" src=\"https:\/\/vsdorfstetten.ac.at\/wp-content\/uploads\/2022\/02\/IMG_20220202_093508-4.jpg\" alt=\"\" data-id=\"1265\" data-link=\"https:\/\/vsdorfstetten.ac.at\/?attachment_id=1265\" class=\"wp-image-1265\" srcset=\"https:\/\/vsdorfstetten.ac.at\/wp-content\/uploads\/2022\/02\/IMG_20220202_093508-4.jpg 600w, https:\/\/vsdorfstetten.ac.at\/wp-content\/uploads\/2022\/02\/IMG_20220202_093508-4-225x300.jpg 225w\" sizes=\"(max-width: 600px) 100vw, 600px\" \/><\/figure><\/li><li class=\"blocks-gallery-item\"><figure><img loading=\"lazy\" width=\"600\" height=\"800\" src=\"https:\/\/vsdorfstetten.ac.at\/wp-content\/uploads\/2022\/02\/IMG_20220202_094803-4.jpg\" alt=\"\" data-id=\"1266\" data-link=\"https:\/\/vsdorfstetten.ac.at\/?attachment_id=1266\" class=\"wp-image-1266\" srcset=\"https:\/\/vsdorfstetten.ac.at\/wp-content\/uploads\/2022\/02\/IMG_20220202_094803-4.jpg 600w, https:\/\/vsdorfstetten.ac.at\/wp-content\/uploads\/2022\/02\/IMG_20220202_094803-4-225x300.jpg 225w\" sizes=\"(max-width: 600px) 100vw, 600px\" \/><\/figure><\/li><li class=\"blocks-gallery-item\"><figure><img loading=\"lazy\" width=\"600\" height=\"800\" src=\"https:\/\/vsdorfstetten.ac.at\/wp-content\/uploads\/2022\/02\/IMG_20220202_101518-3.jpg\" alt=\"\" data-id=\"1267\" data-link=\"https:\/\/vsdorfstetten.ac.at\/?attachment_id=1267\" class=\"wp-image-1267\" srcset=\"https:\/\/vsdorfstetten.ac.at\/wp-content\/uploads\/2022\/02\/IMG_20220202_101518-3.jpg 600w, https:\/\/vsdorfstetten.ac.at\/wp-content\/uploads\/2022\/02\/IMG_20220202_101518-3-225x300.jpg 225w\" sizes=\"(max-width: 600px) 100vw, 600px\" \/><\/figure><\/li><li class=\"blocks-gallery-item\"><figure><img loading=\"lazy\" width=\"600\" height=\"800\" src=\"https:\/\/vsdorfstetten.ac.at\/wp-content\/uploads\/2022\/02\/IMG_20220202_104414-6.jpg\" alt=\"\" data-id=\"1268\" data-link=\"https:\/\/vsdorfstetten.ac.at\/?attachment_id=1268\" class=\"wp-image-1268\" srcset=\"https:\/\/vsdorfstetten.ac.at\/wp-content\/uploads\/2022\/02\/IMG_20220202_104414-6.jpg 600w, https:\/\/vsdorfstetten.ac.at\/wp-content\/uploads\/2022\/02\/IMG_20220202_104414-6-225x300.jpg 225w\" sizes=\"(max-width: 600px) 100vw, 600px\" \/><\/figure><\/li><li class=\"blocks-gallery-item\"><figure><img loading=\"lazy\" width=\"600\" height=\"800\" src=\"https:\/\/vsdorfstetten.ac.at\/wp-content\/uploads\/2022\/02\/IMG_20220202_093505-5.jpg\" alt=\"\" data-id=\"1280\" data-link=\"https:\/\/vsdorfstetten.ac.at\/index.php\/2022\/02\/04\/eislauftag-2022\/img_20220202_093505-6\/\" class=\"wp-image-1280\" srcset=\"https:\/\/vsdorfstetten.ac.at\/wp-content\/uploads\/2022\/02\/IMG_20220202_093505-5.jpg 600w, https:\/\/vsdorfstetten.ac.at\/wp-content\/uploads\/2022\/02\/IMG_20220202_093505-5-225x300.jpg 225w\" sizes=\"(max-width: 600px) 100vw, 600px\" \/><\/figure><\/li><\/ul>\n","protected":false},"excerpt":{"rendered":"<p>Am 02. Februar 2022 fand der Eislauftag in der Eishalle Amstetten statt. Alle 25 Sch\u00fclerinnen und Sch\u00fcler waren mit ihren &hellip; <\/p>\n","protected":false},"author":1,"featured_media":0,"comment_status":"closed","ping_status":"closed","sticky":false,"template":"","format":"standard","meta":[],"categories":[1],"tags":[],"_links":{"self":[{"href":"https:\/\/vsdorfstetten.ac.at\/index.php\/wp-json\/wp\/v2\/posts\/1229"}],"collection":[{"href":"https:\/\/vsdorfstetten.ac.at\/index.php\/wp-json\/wp\/v2\/posts"}],"about":[{"href":"https:\/\/vsdorfstetten.ac.at\/index.php\/wp-json\/wp\/v2\/types\/post"}],"author":[{"embeddable":true,"href":"https:\/\/vsdorfstetten.ac.at\/index.php\/wp-json\/wp\/v2\/users\/1"}],"replies":[{"embeddable":true,"href":"https:\/\/vsdorfstetten.ac.at\/index.php\/wp-json\/wp\/v2\/comments?post=1229"}],"version-history":[{"count":3,"href":"https:\/\/vsdorfstetten.ac.at\/index.php\/wp-json\/wp\/v2\/posts\/1229\/revisions"}],"predecessor-version":[{"id":1281,"href":"https:\/\/vsdorfstetten.ac.at\/index.php\/wp-json\/wp\/v2\/posts\/1229\/revisions\/1281"}],"wp:attachment":[{"href":"https:\/\/vsdorfstetten.ac.at\/index.php\/wp-json\/wp\/v2\/media?parent=1229"}],"wp:term":[{"taxonomy":"category","embeddable":true,"href":"https:\/\/vsdorfstetten.ac.at\/index.php\/wp-json\/wp\/v2\/categories?post=1229"},{"taxonomy":"post_tag","embeddable":true,"href":"https:\/\/vsdorfstetten.ac.at\/index.php\/wp-json\/wp\/v2\/tags?post=1229"}],"curies":[{"name":"wp","href":"https:\/\/api.w.org\/{rel}","templated":true}]}}