{"id":1468,"date":"2022-05-12T15:31:48","date_gmt":"2022-05-12T15:31:48","guid":{"rendered":"https:\/\/vsdorfstetten.ac.at\/?p=1468"},"modified":"2022-05-12T15:31:48","modified_gmt":"2022-05-12T15:31:48","slug":"besuch-der-landeshauptstadt","status":"publish","type":"post","link":"https:\/\/vsdorfstetten.ac.at\/index.php\/2022\/05\/12\/besuch-der-landeshauptstadt\/","title":{"rendered":"Besuch der Landeshauptstadt"},"content":{"rendered":"\n<p>Die <strong>zweite Klasse<\/strong> konnte am Mittwoch, <strong>11. Mai 2022<\/strong> St. P\u00f6lten im Zuge der <strong>&#8222;Aktion Landeshauptstadt&#8220;<\/strong> besichtigen. Unser Tag in Bildern:<\/p>\n\n\n\n<ul class=\"wp-container-2 wp-block-gallery-1 wp-block-gallery columns-1 is-cropped\"><li class=\"blocks-gallery-item\"><figure><img loading=\"lazy\" width=\"945\" height=\"532\" src=\"https:\/\/vsdorfstetten.ac.at\/wp-content\/uploads\/2022\/05\/1.jpg\" alt=\"\" data-id=\"1469\" data-link=\"https:\/\/vsdorfstetten.ac.at\/?attachment_id=1469\" class=\"wp-image-1469\" srcset=\"https:\/\/vsdorfstetten.ac.at\/wp-content\/uploads\/2022\/05\/1.jpg 945w, https:\/\/vsdorfstetten.ac.at\/wp-content\/uploads\/2022\/05\/1-300x169.jpg 300w, https:\/\/vsdorfstetten.ac.at\/wp-content\/uploads\/2022\/05\/1-768x432.jpg 768w\" sizes=\"(max-width: 945px) 100vw, 945px\" \/><figcaption>Nach unserer Ankunft konnten wir zun\u00e4chst in der Mensa der HTL die mitgebrachte Jause verspeisen,&#8230;<\/figcaption><\/figure><\/li><li class=\"blocks-gallery-item\"><figure><img loading=\"lazy\" width=\"945\" height=\"531\" src=\"https:\/\/vsdorfstetten.ac.at\/wp-content\/uploads\/2022\/05\/2.jpg\" alt=\"\" data-id=\"1470\" data-link=\"https:\/\/vsdorfstetten.ac.at\/?attachment_id=1470\" class=\"wp-image-1470\" srcset=\"https:\/\/vsdorfstetten.ac.at\/wp-content\/uploads\/2022\/05\/2.jpg 945w, https:\/\/vsdorfstetten.ac.at\/wp-content\/uploads\/2022\/05\/2-300x169.jpg 300w, https:\/\/vsdorfstetten.ac.at\/wp-content\/uploads\/2022\/05\/2-768x432.jpg 768w\" sizes=\"(max-width: 945px) 100vw, 945px\" \/><figcaption>&#8230; dann marschierten wir zum Bahnhof und h\u00f6rten die Geschichte, warum Kaiser Franz Joseph die Bahnstrecke erbauen lie\u00df.<\/figcaption><\/figure><\/li><li class=\"blocks-gallery-item\"><figure><img loading=\"lazy\" width=\"533\" height=\"945\" src=\"https:\/\/vsdorfstetten.ac.at\/wp-content\/uploads\/2022\/05\/3.jpg\" alt=\"\" data-id=\"1471\" data-link=\"https:\/\/vsdorfstetten.ac.at\/?attachment_id=1471\" class=\"wp-image-1471\" srcset=\"https:\/\/vsdorfstetten.ac.at\/wp-content\/uploads\/2022\/05\/3.jpg 533w, https:\/\/vsdorfstetten.ac.at\/wp-content\/uploads\/2022\/05\/3-169x300.jpg 169w\" sizes=\"(max-width: 533px) 100vw, 533px\" \/><figcaption>Wir mussten uns nur umdrehen und konnten das Jugendstilhaus bestaunen, bevor wir&#8230;<\/figcaption><\/figure><\/li><li class=\"blocks-gallery-item\"><figure><img loading=\"lazy\" width=\"580\" height=\"532\" src=\"https:\/\/vsdorfstetten.ac.at\/wp-content\/uploads\/2022\/05\/4.jpg\" alt=\"\" data-id=\"1472\" data-link=\"https:\/\/vsdorfstetten.ac.at\/?attachment_id=1472\" class=\"wp-image-1472\" srcset=\"https:\/\/vsdorfstetten.ac.at\/wp-content\/uploads\/2022\/05\/4.jpg 580w, https:\/\/vsdorfstetten.ac.at\/wp-content\/uploads\/2022\/05\/4-300x275.jpg 300w\" sizes=\"(max-width: 580px) 100vw, 580px\" \/><figcaption>&#8230;durch die Altstadt weiter gingen zum Zwiebelmusterhaus. Dort mussten wir die Anzahl der Teller an der Fassade ausrechnen! (Pssst: Es sind 168!!)<\/figcaption><\/figure><\/li><li class=\"blocks-gallery-item\"><figure><img loading=\"lazy\" width=\"945\" height=\"532\" src=\"https:\/\/vsdorfstetten.ac.at\/wp-content\/uploads\/2022\/05\/5.jpg\" alt=\"\" data-id=\"1473\" data-link=\"https:\/\/vsdorfstetten.ac.at\/?attachment_id=1473\" class=\"wp-image-1473\" srcset=\"https:\/\/vsdorfstetten.ac.at\/wp-content\/uploads\/2022\/05\/5.jpg 945w, https:\/\/vsdorfstetten.ac.at\/wp-content\/uploads\/2022\/05\/5-300x169.jpg 300w, https:\/\/vsdorfstetten.ac.at\/wp-content\/uploads\/2022\/05\/5-768x432.jpg 768w\" sizes=\"(max-width: 945px) 100vw, 945px\" \/><figcaption>In der Kremser Gasse erfuhren wir, was fr\u00fcher passierte, wenn im Stadtgef\u00e4ngnis zu viele Gefangene waren und woher das Wort &#8222;Spie\u00dfrutenlauf&#8220; kommt.<\/figcaption><\/figure><\/li><li class=\"blocks-gallery-item\"><figure><img loading=\"lazy\" width=\"531\" height=\"945\" src=\"https:\/\/vsdorfstetten.ac.at\/wp-content\/uploads\/2022\/05\/6.jpg\" alt=\"\" data-id=\"1474\" data-link=\"https:\/\/vsdorfstetten.ac.at\/?attachment_id=1474\" class=\"wp-image-1474\" srcset=\"https:\/\/vsdorfstetten.ac.at\/wp-content\/uploads\/2022\/05\/6.jpg 531w, https:\/\/vsdorfstetten.ac.at\/wp-content\/uploads\/2022\/05\/6-169x300.jpg 169w\" sizes=\"(max-width: 531px) 100vw, 531px\" \/><figcaption>Am Rathausplatz angekommen, besprachen wir die Merkmale des Barock-Baustils anhand der Pests\u00e4ule und&#8230;<\/figcaption><\/figure><\/li><li class=\"blocks-gallery-item\"><figure><img loading=\"lazy\" width=\"945\" height=\"532\" src=\"https:\/\/vsdorfstetten.ac.at\/wp-content\/uploads\/2022\/05\/7.jpg\" alt=\"\" data-id=\"1475\" data-link=\"https:\/\/vsdorfstetten.ac.at\/?attachment_id=1475\" class=\"wp-image-1475\" srcset=\"https:\/\/vsdorfstetten.ac.at\/wp-content\/uploads\/2022\/05\/7.jpg 945w, https:\/\/vsdorfstetten.ac.at\/wp-content\/uploads\/2022\/05\/7-300x169.jpg 300w, https:\/\/vsdorfstetten.ac.at\/wp-content\/uploads\/2022\/05\/7-768x432.jpg 768w\" sizes=\"(max-width: 945px) 100vw, 945px\" \/><figcaption>&#8230;anhand des Rathauses.<\/figcaption><\/figure><\/li><li class=\"blocks-gallery-item\"><figure><img loading=\"lazy\" width=\"533\" height=\"945\" src=\"https:\/\/vsdorfstetten.ac.at\/wp-content\/uploads\/2022\/05\/8.jpg\" alt=\"\" data-id=\"1476\" data-link=\"https:\/\/vsdorfstetten.ac.at\/?attachment_id=1476\" class=\"wp-image-1476\" srcset=\"https:\/\/vsdorfstetten.ac.at\/wp-content\/uploads\/2022\/05\/8.jpg 533w, https:\/\/vsdorfstetten.ac.at\/wp-content\/uploads\/2022\/05\/8-169x300.jpg 169w\" sizes=\"(max-width: 533px) 100vw, 533px\" \/><figcaption>Die Merkmale des Barock fanden wir auch am und im Dom wieder, \u00fcber dessen Geschichte wir auch viel h\u00f6rten!<\/figcaption><\/figure><\/li><li class=\"blocks-gallery-item\"><figure><img loading=\"lazy\" width=\"945\" height=\"532\" src=\"https:\/\/vsdorfstetten.ac.at\/wp-content\/uploads\/2022\/05\/9.jpg\" alt=\"\" data-id=\"1477\" data-link=\"https:\/\/vsdorfstetten.ac.at\/?attachment_id=1477\" class=\"wp-image-1477\" srcset=\"https:\/\/vsdorfstetten.ac.at\/wp-content\/uploads\/2022\/05\/9.jpg 945w, https:\/\/vsdorfstetten.ac.at\/wp-content\/uploads\/2022\/05\/9-300x169.jpg 300w, https:\/\/vsdorfstetten.ac.at\/wp-content\/uploads\/2022\/05\/9-768x432.jpg 768w\" sizes=\"(max-width: 945px) 100vw, 945px\" \/><figcaption>Nach einem leckeren Mittagessen durften wir kurz ins Landesmuseum, in dem wir gerne mehr Zeit verbracht h\u00e4tten, aber&#8230;<\/figcaption><\/figure><\/li><li class=\"blocks-gallery-item\"><figure><img loading=\"lazy\" width=\"531\" height=\"945\" src=\"https:\/\/vsdorfstetten.ac.at\/wp-content\/uploads\/2022\/05\/10.jpg\" alt=\"\" data-id=\"1478\" data-link=\"https:\/\/vsdorfstetten.ac.at\/?attachment_id=1478\" class=\"wp-image-1478\" srcset=\"https:\/\/vsdorfstetten.ac.at\/wp-content\/uploads\/2022\/05\/10.jpg 531w, https:\/\/vsdorfstetten.ac.at\/wp-content\/uploads\/2022\/05\/10-169x300.jpg 169w\" sizes=\"(max-width: 531px) 100vw, 531px\" \/><figcaption>&#8230;wir mussten ja noch das Wahrzeichen des Landhausviertels bestaunen und besteigen.<\/figcaption><\/figure><\/li><li class=\"blocks-gallery-item\"><figure><img loading=\"lazy\" width=\"945\" height=\"532\" src=\"https:\/\/vsdorfstetten.ac.at\/wp-content\/uploads\/2022\/05\/11.jpg\" alt=\"\" data-id=\"1479\" data-link=\"https:\/\/vsdorfstetten.ac.at\/?attachment_id=1479\" class=\"wp-image-1479\" srcset=\"https:\/\/vsdorfstetten.ac.at\/wp-content\/uploads\/2022\/05\/11.jpg 945w, https:\/\/vsdorfstetten.ac.at\/wp-content\/uploads\/2022\/05\/11-300x169.jpg 300w, https:\/\/vsdorfstetten.ac.at\/wp-content\/uploads\/2022\/05\/11-768x432.jpg 768w\" sizes=\"(max-width: 945px) 100vw, 945px\" \/><figcaption>Nach 280 Stufen konnten wir endlich die sch\u00f6ne Aussicht \u00fcber St. P\u00f6lten genie\u00dfen!<\/figcaption><\/figure><\/li><li class=\"blocks-gallery-item\"><figure><img loading=\"lazy\" width=\"945\" height=\"531\" src=\"https:\/\/vsdorfstetten.ac.at\/wp-content\/uploads\/2022\/05\/12.jpg\" alt=\"\" data-id=\"1480\" data-link=\"https:\/\/vsdorfstetten.ac.at\/?attachment_id=1480\" class=\"wp-image-1480\" srcset=\"https:\/\/vsdorfstetten.ac.at\/wp-content\/uploads\/2022\/05\/12.jpg 945w, https:\/\/vsdorfstetten.ac.at\/wp-content\/uploads\/2022\/05\/12-300x169.jpg 300w, https:\/\/vsdorfstetten.ac.at\/wp-content\/uploads\/2022\/05\/12-768x432.jpg 768w\" sizes=\"(max-width: 945px) 100vw, 945px\" \/><figcaption>Unser letzter Programmpunkt war das Landhausschiff, in dem wir&#8230;<\/figcaption><\/figure><\/li><li class=\"blocks-gallery-item\"><figure><img loading=\"lazy\" width=\"945\" height=\"532\" src=\"https:\/\/vsdorfstetten.ac.at\/wp-content\/uploads\/2022\/05\/13.jpg\" alt=\"\" data-id=\"1481\" data-link=\"https:\/\/vsdorfstetten.ac.at\/?attachment_id=1481\" class=\"wp-image-1481\" srcset=\"https:\/\/vsdorfstetten.ac.at\/wp-content\/uploads\/2022\/05\/13.jpg 945w, https:\/\/vsdorfstetten.ac.at\/wp-content\/uploads\/2022\/05\/13-300x169.jpg 300w, https:\/\/vsdorfstetten.ac.at\/wp-content\/uploads\/2022\/05\/13-768x432.jpg 768w\" sizes=\"(max-width: 945px) 100vw, 945px\" \/><figcaption>&#8230;den Landtagssitzungssaal besichtigen konnten und Wissenswertes \u00fcber den Landtag erfuhren. Danach machten wir uns auf den Heimweg&#8230;<\/figcaption><\/figure><\/li><\/ul>\n\n\n\n<h2>&#8230;es war ein lehrreicher und spannender Tag!<\/h2>\n\n\n\n<p><\/p>\n","protected":false},"excerpt":{"rendered":"<p>Die zweite Klasse konnte am Mittwoch, 11. Mai 2022 St. P\u00f6lten im Zuge der &#8222;Aktion Landeshauptstadt&#8220; besichtigen. Unser Tag in &hellip; <\/p>\n","protected":false},"author":1,"featured_media":0,"comment_status":"closed","ping_status":"closed","sticky":false,"template":"","format":"standard","meta":[],"categories":[1],"tags":[],"_links":{"self":[{"href":"https:\/\/vsdorfstetten.ac.at\/index.php\/wp-json\/wp\/v2\/posts\/1468"}],"collection":[{"href":"https:\/\/vsdorfstetten.ac.at\/index.php\/wp-json\/wp\/v2\/posts"}],"about":[{"href":"https:\/\/vsdorfstetten.ac.at\/index.php\/wp-json\/wp\/v2\/types\/post"}],"author":[{"embeddable":true,"href":"https:\/\/vsdorfstetten.ac.at\/index.php\/wp-json\/wp\/v2\/users\/1"}],"replies":[{"embeddable":true,"href":"https:\/\/vsdorfstetten.ac.at\/index.php\/wp-json\/wp\/v2\/comments?post=1468"}],"version-history":[{"count":2,"href":"https:\/\/vsdorfstetten.ac.at\/index.php\/wp-json\/wp\/v2\/posts\/1468\/revisions"}],"predecessor-version":[{"id":1483,"href":"https:\/\/vsdorfstetten.ac.at\/index.php\/wp-json\/wp\/v2\/posts\/1468\/revisions\/1483"}],"wp:attachment":[{"href":"https:\/\/vsdorfstetten.ac.at\/index.php\/wp-json\/wp\/v2\/media?parent=1468"}],"wp:term":[{"taxonomy":"category","embeddable":true,"href":"https:\/\/vsdorfstetten.ac.at\/index.php\/wp-json\/wp\/v2\/categories?post=1468"},{"taxonomy":"post_tag","embeddable":true,"href":"https:\/\/vsdorfstetten.ac.at\/index.php\/wp-json\/wp\/v2\/tags?post=1468"}],"curies":[{"name":"wp","href":"https:\/\/api.w.org\/{rel}","templated":true}]}}