{"id":1745,"date":"2022-06-23T08:22:24","date_gmt":"2022-06-23T08:22:24","guid":{"rendered":"https:\/\/vsdorfstetten.ac.at\/?p=1745"},"modified":"2022-09-19T15:17:42","modified_gmt":"2022-09-19T15:17:42","slug":"schultaschentag","status":"publish","type":"post","link":"https:\/\/vsdorfstetten.ac.at\/index.php\/2022\/06\/23\/schultaschentag\/","title":{"rendered":"Schultaschentag"},"content":{"rendered":"\n<p>Am <strong>23.06.2022<\/strong> war es endlich wieder soweit. Die <strong>Vorschulkinder <\/strong>aus dem Kindergarten konnten zu uns in die Schule kommen, zum sogenannten &#8222;<strong>Schultaschentag<\/strong>&#8222;. Die Vorschulkinder konnten ihre <strong>wundersch\u00f6nen Schultaschen <\/strong>pr\u00e4sentieren und im Anschluss wurde das Schulhaus mit einer <strong>Schulhausrallye <\/strong>erkundet. Die Sch\u00fcler und Sch\u00fclerinnen der 1.Klasse unterst\u00fctzten die Kinder bei ihren Aufgaben.<\/p>\n\n\n\n<figure class=\"wp-container-2 wp-block-gallery-1 wp-block-gallery has-nested-images columns-2 is-cropped\">\n<figure class=\"wp-block-image\"><img loading=\"lazy\" width=\"800\" height=\"533\" data-id=\"1751\"  src=\"https:\/\/vsdorfstetten.ac.at\/wp-content\/uploads\/2022\/06\/DSC08886.jpg\" alt=\"\" class=\"wp-image-1751\" srcset=\"https:\/\/vsdorfstetten.ac.at\/wp-content\/uploads\/2022\/06\/DSC08886.jpg 800w, https:\/\/vsdorfstetten.ac.at\/wp-content\/uploads\/2022\/06\/DSC08886-300x200.jpg 300w, https:\/\/vsdorfstetten.ac.at\/wp-content\/uploads\/2022\/06\/DSC08886-768x512.jpg 768w\" sizes=\"(max-width: 800px) 100vw, 800px\" \/><\/figure>\n\n\n\n<figure class=\"wp-block-image\"><img loading=\"lazy\" width=\"800\" height=\"533\" data-id=\"1752\"  src=\"https:\/\/vsdorfstetten.ac.at\/wp-content\/uploads\/2022\/06\/DSC08939.jpg\" alt=\"\" class=\"wp-image-1752\" srcset=\"https:\/\/vsdorfstetten.ac.at\/wp-content\/uploads\/2022\/06\/DSC08939.jpg 800w, https:\/\/vsdorfstetten.ac.at\/wp-content\/uploads\/2022\/06\/DSC08939-300x200.jpg 300w, https:\/\/vsdorfstetten.ac.at\/wp-content\/uploads\/2022\/06\/DSC08939-768x512.jpg 768w\" sizes=\"(max-width: 800px) 100vw, 800px\" \/><\/figure>\n\n\n\n<figure class=\"wp-block-image\"><img loading=\"lazy\" width=\"800\" height=\"533\" data-id=\"1753\"  src=\"https:\/\/vsdorfstetten.ac.at\/wp-content\/uploads\/2022\/06\/DSC08942.jpg\" alt=\"\" class=\"wp-image-1753\" srcset=\"https:\/\/vsdorfstetten.ac.at\/wp-content\/uploads\/2022\/06\/DSC08942.jpg 800w, https:\/\/vsdorfstetten.ac.at\/wp-content\/uploads\/2022\/06\/DSC08942-300x200.jpg 300w, https:\/\/vsdorfstetten.ac.at\/wp-content\/uploads\/2022\/06\/DSC08942-768x512.jpg 768w\" sizes=\"(max-width: 800px) 100vw, 800px\" \/><\/figure>\n\n\n\n<figure class=\"wp-block-image\"><img loading=\"lazy\" width=\"800\" height=\"533\" data-id=\"1754\"  src=\"https:\/\/vsdorfstetten.ac.at\/wp-content\/uploads\/2022\/06\/DSC08947.jpg\" alt=\"\" class=\"wp-image-1754\" srcset=\"https:\/\/vsdorfstetten.ac.at\/wp-content\/uploads\/2022\/06\/DSC08947.jpg 800w, https:\/\/vsdorfstetten.ac.at\/wp-content\/uploads\/2022\/06\/DSC08947-300x200.jpg 300w, https:\/\/vsdorfstetten.ac.at\/wp-content\/uploads\/2022\/06\/DSC08947-768x512.jpg 768w\" sizes=\"(max-width: 800px) 100vw, 800px\" \/><\/figure>\n\n\n\n<figure class=\"wp-block-image\"><img loading=\"lazy\" width=\"800\" height=\"533\" data-id=\"1755\"  src=\"https:\/\/vsdorfstetten.ac.at\/wp-content\/uploads\/2022\/06\/DSC08949.jpg\" alt=\"\" class=\"wp-image-1755\" srcset=\"https:\/\/vsdorfstetten.ac.at\/wp-content\/uploads\/2022\/06\/DSC08949.jpg 800w, https:\/\/vsdorfstetten.ac.at\/wp-content\/uploads\/2022\/06\/DSC08949-300x200.jpg 300w, https:\/\/vsdorfstetten.ac.at\/wp-content\/uploads\/2022\/06\/DSC08949-768x512.jpg 768w\" sizes=\"(max-width: 800px) 100vw, 800px\" \/><\/figure>\n\n\n\n<figure class=\"wp-block-image\"><img loading=\"lazy\" width=\"800\" height=\"533\" data-id=\"1756\"  src=\"https:\/\/vsdorfstetten.ac.at\/wp-content\/uploads\/2022\/06\/DSC08952.jpg\" alt=\"\" class=\"wp-image-1756\" srcset=\"https:\/\/vsdorfstetten.ac.at\/wp-content\/uploads\/2022\/06\/DSC08952.jpg 800w, https:\/\/vsdorfstetten.ac.at\/wp-content\/uploads\/2022\/06\/DSC08952-300x200.jpg 300w, https:\/\/vsdorfstetten.ac.at\/wp-content\/uploads\/2022\/06\/DSC08952-768x512.jpg 768w\" sizes=\"(max-width: 800px) 100vw, 800px\" \/><\/figure>\n\n\n\n<figure class=\"wp-block-image\"><img loading=\"lazy\" width=\"683\" height=\"1024\" data-id=\"1758\"  src=\"https:\/\/vsdorfstetten.ac.at\/wp-content\/uploads\/2022\/06\/DSC08957-683x1024.jpg\" alt=\"\" class=\"wp-image-1758\" srcset=\"https:\/\/vsdorfstetten.ac.at\/wp-content\/uploads\/2022\/06\/DSC08957-683x1024.jpg 683w, https:\/\/vsdorfstetten.ac.at\/wp-content\/uploads\/2022\/06\/DSC08957-200x300.jpg 200w, https:\/\/vsdorfstetten.ac.at\/wp-content\/uploads\/2022\/06\/DSC08957-768x1152.jpg 768w, https:\/\/vsdorfstetten.ac.at\/wp-content\/uploads\/2022\/06\/DSC08957.jpg 800w\" sizes=\"(max-width: 683px) 100vw, 683px\" \/><\/figure>\n\n\n\n<figure class=\"wp-block-image\"><img loading=\"lazy\" width=\"683\" height=\"1024\" data-id=\"1759\"  src=\"https:\/\/vsdorfstetten.ac.at\/wp-content\/uploads\/2022\/06\/DSC08962-683x1024.jpg\" alt=\"\" class=\"wp-image-1759\" srcset=\"https:\/\/vsdorfstetten.ac.at\/wp-content\/uploads\/2022\/06\/DSC08962-683x1024.jpg 683w, https:\/\/vsdorfstetten.ac.at\/wp-content\/uploads\/2022\/06\/DSC08962-200x300.jpg 200w, https:\/\/vsdorfstetten.ac.at\/wp-content\/uploads\/2022\/06\/DSC08962-768x1152.jpg 768w, https:\/\/vsdorfstetten.ac.at\/wp-content\/uploads\/2022\/06\/DSC08962.jpg 800w\" sizes=\"(max-width: 683px) 100vw, 683px\" \/><\/figure>\n\n\n\n<figure class=\"wp-block-image\"><img loading=\"lazy\" width=\"800\" height=\"533\" data-id=\"1761\"  src=\"https:\/\/vsdorfstetten.ac.at\/wp-content\/uploads\/2022\/06\/DSC08955-1.jpg\" alt=\"\" class=\"wp-image-1761\" srcset=\"https:\/\/vsdorfstetten.ac.at\/wp-content\/uploads\/2022\/06\/DSC08955-1.jpg 800w, https:\/\/vsdorfstetten.ac.at\/wp-content\/uploads\/2022\/06\/DSC08955-1-300x200.jpg 300w, https:\/\/vsdorfstetten.ac.at\/wp-content\/uploads\/2022\/06\/DSC08955-1-768x512.jpg 768w\" sizes=\"(max-width: 800px) 100vw, 800px\" \/><\/figure>\n\n\n\n<figure class=\"wp-block-image\"><img loading=\"lazy\" width=\"800\" height=\"533\" data-id=\"1762\"  src=\"https:\/\/vsdorfstetten.ac.at\/wp-content\/uploads\/2022\/06\/DSC08971-1.jpg\" alt=\"\" class=\"wp-image-1762\" srcset=\"https:\/\/vsdorfstetten.ac.at\/wp-content\/uploads\/2022\/06\/DSC08971-1.jpg 800w, https:\/\/vsdorfstetten.ac.at\/wp-content\/uploads\/2022\/06\/DSC08971-1-300x200.jpg 300w, https:\/\/vsdorfstetten.ac.at\/wp-content\/uploads\/2022\/06\/DSC08971-1-768x512.jpg 768w\" sizes=\"(max-width: 800px) 100vw, 800px\" \/><\/figure>\n<\/figure>\n","protected":false},"excerpt":{"rendered":"<p>Am 23.06.2022 war es endlich wieder soweit. Die Vorschulkinder aus dem Kindergarten konnten zu uns in die Schule kommen, zum &hellip; <\/p>\n","protected":false},"author":1,"featured_media":0,"comment_status":"closed","ping_status":"closed","sticky":false,"template":"","format":"standard","meta":[],"categories":[1],"tags":[],"_links":{"self":[{"href":"https:\/\/vsdorfstetten.ac.at\/index.php\/wp-json\/wp\/v2\/posts\/1745"}],"collection":[{"href":"https:\/\/vsdorfstetten.ac.at\/index.php\/wp-json\/wp\/v2\/posts"}],"about":[{"href":"https:\/\/vsdorfstetten.ac.at\/index.php\/wp-json\/wp\/v2\/types\/post"}],"author":[{"embeddable":true,"href":"https:\/\/vsdorfstetten.ac.at\/index.php\/wp-json\/wp\/v2\/users\/1"}],"replies":[{"embeddable":true,"href":"https:\/\/vsdorfstetten.ac.at\/index.php\/wp-json\/wp\/v2\/comments?post=1745"}],"version-history":[{"count":4,"href":"https:\/\/vsdorfstetten.ac.at\/index.php\/wp-json\/wp\/v2\/posts\/1745\/revisions"}],"predecessor-version":[{"id":1830,"href":"https:\/\/vsdorfstetten.ac.at\/index.php\/wp-json\/wp\/v2\/posts\/1745\/revisions\/1830"}],"wp:attachment":[{"href":"https:\/\/vsdorfstetten.ac.at\/index.php\/wp-json\/wp\/v2\/media?parent=1745"}],"wp:term":[{"taxonomy":"category","embeddable":true,"href":"https:\/\/vsdorfstetten.ac.at\/index.php\/wp-json\/wp\/v2\/categories?post=1745"},{"taxonomy":"post_tag","embeddable":true,"href":"https:\/\/vsdorfstetten.ac.at\/index.php\/wp-json\/wp\/v2\/tags?post=1745"}],"curies":[{"name":"wp","href":"https:\/\/api.w.org\/{rel}","templated":true}]}}