{"id":1920,"date":"2022-10-20T17:27:00","date_gmt":"2022-10-20T17:27:00","guid":{"rendered":"https:\/\/vsdorfstetten.ac.at\/?p=1920"},"modified":"2022-10-21T09:24:26","modified_gmt":"2022-10-21T09:24:26","slug":"kinder-gesund-bewegen-2","status":"publish","type":"post","link":"https:\/\/vsdorfstetten.ac.at\/index.php\/2022\/10\/20\/kinder-gesund-bewegen-2\/","title":{"rendered":"Kinder gesund bewegen"},"content":{"rendered":"\n<p>Am 19. Oktober 2022 war Daniela Jagsch von der Initiative &#8222;Kinder gesund bewegen&#8220; in der Schule. Beide Klassen hatten eine zus\u00e4tzliche Turnstunde. Ziel des Programms ist es, mehr Bewegung in die Schulen zu bringen und somit die Weichen f\u00fcr ein k\u00f6rperlich aktives Leben m\u00f6glichst fr\u00fch zu stellen.<\/p>\n\n\n\n<p>Im Zuge des Programms wird Frau Jagsch heuer noch \u00f6fter f\u00fcr zus\u00e4tzliche Bewegungseinheiten an unsere Schule kommen. Dieses Mal hatte sie viele unterschiedliche B\u00e4lle mit, die ausprobiert werden durften. <\/p>\n\n\n\n<p><\/p>\n\n\n\n<figure class=\"wp-container-2 wp-block-gallery-1 wp-block-gallery has-nested-images columns-2 is-cropped\">\n<figure class=\"wp-block-image size-large\"><img loading=\"lazy\" width=\"600\" height=\"450\" data-id=\"1930\"  src=\"https:\/\/vsdorfstetten.ac.at\/wp-content\/uploads\/2022\/10\/IMG_20221019_100410.jpg\" alt=\"\" class=\"wp-image-1930\" srcset=\"https:\/\/vsdorfstetten.ac.at\/wp-content\/uploads\/2022\/10\/IMG_20221019_100410.jpg 600w, https:\/\/vsdorfstetten.ac.at\/wp-content\/uploads\/2022\/10\/IMG_20221019_100410-300x225.jpg 300w\" sizes=\"(max-width: 600px) 100vw, 600px\" \/><\/figure>\n\n\n\n<figure class=\"wp-block-image size-large\"><img loading=\"lazy\" width=\"600\" height=\"450\" data-id=\"1929\"  src=\"https:\/\/vsdorfstetten.ac.at\/wp-content\/uploads\/2022\/10\/IMG_20221019_103403.jpg\" alt=\"\" class=\"wp-image-1929\" srcset=\"https:\/\/vsdorfstetten.ac.at\/wp-content\/uploads\/2022\/10\/IMG_20221019_103403.jpg 600w, https:\/\/vsdorfstetten.ac.at\/wp-content\/uploads\/2022\/10\/IMG_20221019_103403-300x225.jpg 300w\" sizes=\"(max-width: 600px) 100vw, 600px\" \/><\/figure>\n\n\n\n<figure class=\"wp-block-image size-large\"><img loading=\"lazy\" width=\"600\" height=\"337\" data-id=\"1928\"  src=\"https:\/\/vsdorfstetten.ac.at\/wp-content\/uploads\/2022\/10\/IMG_20221019_110821.jpg\" alt=\"\" class=\"wp-image-1928\" srcset=\"https:\/\/vsdorfstetten.ac.at\/wp-content\/uploads\/2022\/10\/IMG_20221019_110821.jpg 600w, https:\/\/vsdorfstetten.ac.at\/wp-content\/uploads\/2022\/10\/IMG_20221019_110821-300x169.jpg 300w\" sizes=\"(max-width: 600px) 100vw, 600px\" \/><\/figure>\n\n\n\n<figure class=\"wp-block-image size-large\"><img loading=\"lazy\" width=\"600\" height=\"337\" data-id=\"1927\"  src=\"https:\/\/vsdorfstetten.ac.at\/wp-content\/uploads\/2022\/10\/IMG_20221019_111356.jpg\" alt=\"\" class=\"wp-image-1927\" srcset=\"https:\/\/vsdorfstetten.ac.at\/wp-content\/uploads\/2022\/10\/IMG_20221019_111356.jpg 600w, https:\/\/vsdorfstetten.ac.at\/wp-content\/uploads\/2022\/10\/IMG_20221019_111356-300x169.jpg 300w\" sizes=\"(max-width: 600px) 100vw, 600px\" \/><\/figure>\n<\/figure>\n","protected":false},"excerpt":{"rendered":"<p>Am 19. Oktober 2022 war Daniela Jagsch von der Initiative &#8222;Kinder gesund bewegen&#8220; in der Schule. Beide Klassen hatten eine &hellip; <\/p>\n","protected":false},"author":1,"featured_media":0,"comment_status":"closed","ping_status":"closed","sticky":false,"template":"","format":"standard","meta":[],"categories":[1],"tags":[],"_links":{"self":[{"href":"https:\/\/vsdorfstetten.ac.at\/index.php\/wp-json\/wp\/v2\/posts\/1920"}],"collection":[{"href":"https:\/\/vsdorfstetten.ac.at\/index.php\/wp-json\/wp\/v2\/posts"}],"about":[{"href":"https:\/\/vsdorfstetten.ac.at\/index.php\/wp-json\/wp\/v2\/types\/post"}],"author":[{"embeddable":true,"href":"https:\/\/vsdorfstetten.ac.at\/index.php\/wp-json\/wp\/v2\/users\/1"}],"replies":[{"embeddable":true,"href":"https:\/\/vsdorfstetten.ac.at\/index.php\/wp-json\/wp\/v2\/comments?post=1920"}],"version-history":[{"count":2,"href":"https:\/\/vsdorfstetten.ac.at\/index.php\/wp-json\/wp\/v2\/posts\/1920\/revisions"}],"predecessor-version":[{"id":1931,"href":"https:\/\/vsdorfstetten.ac.at\/index.php\/wp-json\/wp\/v2\/posts\/1920\/revisions\/1931"}],"wp:attachment":[{"href":"https:\/\/vsdorfstetten.ac.at\/index.php\/wp-json\/wp\/v2\/media?parent=1920"}],"wp:term":[{"taxonomy":"category","embeddable":true,"href":"https:\/\/vsdorfstetten.ac.at\/index.php\/wp-json\/wp\/v2\/categories?post=1920"},{"taxonomy":"post_tag","embeddable":true,"href":"https:\/\/vsdorfstetten.ac.at\/index.php\/wp-json\/wp\/v2\/tags?post=1920"}],"curies":[{"name":"wp","href":"https:\/\/api.w.org\/{rel}","templated":true}]}}