{"id":2004,"date":"2022-11-19T15:11:58","date_gmt":"2022-11-19T15:11:58","guid":{"rendered":"https:\/\/vsdorfstetten.ac.at\/?p=2004"},"modified":"2022-11-19T15:11:58","modified_gmt":"2022-11-19T15:11:58","slug":"zu-besuch-in-der-mittelschule-waldhausen","status":"publish","type":"post","link":"https:\/\/vsdorfstetten.ac.at\/index.php\/2022\/11\/19\/zu-besuch-in-der-mittelschule-waldhausen\/","title":{"rendered":"Zu Besuch in der Mittelschule Waldhausen"},"content":{"rendered":"\n<p>Die vierte Stufe der Volksschule wurde eingeladen, am 18. November 2022 zum Tag der offenen T\u00fcr in die Mittelschule Waldhausen zu kommen. Gemeinsam mit den anderen Mittelsch\u00fclerinnen und Mittelsch\u00fclern fuhren wir in der fr\u00fch mit dem Schulbus nach Waldhausen.<\/p>\n\n\n\n<p>Dort angekommen wurden wir vom Schulchor und der Schulband begr\u00fc\u00dft, die drei gro\u00dfartige Lieder auff\u00fchrten.<\/p>\n\n\n\n<figure class=\"wp-block-image size-large\"><img loading=\"lazy\" width=\"1024\" height=\"577\" src=\"https:\/\/vsdorfstetten.ac.at\/wp-content\/uploads\/2022\/11\/MS1-1024x577.png\" alt=\"\" class=\"wp-image-2005\" srcset=\"https:\/\/vsdorfstetten.ac.at\/wp-content\/uploads\/2022\/11\/MS1-1024x577.png 1024w, https:\/\/vsdorfstetten.ac.at\/wp-content\/uploads\/2022\/11\/MS1-300x169.png 300w, https:\/\/vsdorfstetten.ac.at\/wp-content\/uploads\/2022\/11\/MS1-768x432.png 768w, https:\/\/vsdorfstetten.ac.at\/wp-content\/uploads\/2022\/11\/MS1-1536x865.png 1536w, https:\/\/vsdorfstetten.ac.at\/wp-content\/uploads\/2022\/11\/MS1.png 2000w\" sizes=\"(max-width: 1024px) 100vw, 1024px\" \/><\/figure>\n\n\n\n<p>Als N\u00e4chstes erhielten wir interessante Informationen \u00fcber die Mittelschule von Fr. Dir. H\u00f6bart. Dann durften wir drei Gruppen im Unterricht besuchen, die etwas f\u00fcr unsere Sch\u00fclerInnen vorbereitet hatten.<\/p>\n\n\n\n<figure class=\"wp-block-image size-large\"><img loading=\"lazy\" width=\"1024\" height=\"577\" src=\"https:\/\/vsdorfstetten.ac.at\/wp-content\/uploads\/2022\/11\/MS2-1024x577.png\" alt=\"\" class=\"wp-image-2006\" srcset=\"https:\/\/vsdorfstetten.ac.at\/wp-content\/uploads\/2022\/11\/MS2-1024x577.png 1024w, https:\/\/vsdorfstetten.ac.at\/wp-content\/uploads\/2022\/11\/MS2-300x169.png 300w, https:\/\/vsdorfstetten.ac.at\/wp-content\/uploads\/2022\/11\/MS2-768x432.png 768w, https:\/\/vsdorfstetten.ac.at\/wp-content\/uploads\/2022\/11\/MS2-1536x865.png 1536w, https:\/\/vsdorfstetten.ac.at\/wp-content\/uploads\/2022\/11\/MS2.png 2000w\" sizes=\"(max-width: 1024px) 100vw, 1024px\" \/><figcaption>Bei Fr. Pikous-St\u00f6ger fanden wir im Englischunterricht heraus, wer denn die Cookies gestohlen hatte. In Informatik bei den Sch\u00fclerInnen und Sch\u00fclern von Herrn Pikous durften sich die Kinder als Baumeister im Programm &#8222;Paint&#8220; versuchen: <\/figcaption><\/figure>\n\n\n\n<figure class=\"wp-container-2 wp-block-gallery-1 wp-block-gallery has-nested-images columns-default is-cropped\">\n<figure class=\"wp-block-image size-large\"><img loading=\"lazy\" width=\"2000\" height=\"1126\" data-id=\"2009\"  src=\"https:\/\/vsdorfstetten.ac.at\/wp-content\/uploads\/2022\/11\/MS3.png\" alt=\"\" class=\"wp-image-2009\" srcset=\"https:\/\/vsdorfstetten.ac.at\/wp-content\/uploads\/2022\/11\/MS3.png 2000w, https:\/\/vsdorfstetten.ac.at\/wp-content\/uploads\/2022\/11\/MS3-300x169.png 300w, https:\/\/vsdorfstetten.ac.at\/wp-content\/uploads\/2022\/11\/MS3-1024x577.png 1024w, https:\/\/vsdorfstetten.ac.at\/wp-content\/uploads\/2022\/11\/MS3-768x432.png 768w, https:\/\/vsdorfstetten.ac.at\/wp-content\/uploads\/2022\/11\/MS3-1536x865.png 1536w\" sizes=\"(max-width: 2000px) 100vw, 2000px\" \/><\/figure>\n\n\n\n<figure class=\"wp-block-image size-large\"><img loading=\"lazy\" width=\"1126\" height=\"2000\" data-id=\"2010\"  src=\"https:\/\/vsdorfstetten.ac.at\/wp-content\/uploads\/2022\/11\/MS4.png\" alt=\"\" class=\"wp-image-2010\" srcset=\"https:\/\/vsdorfstetten.ac.at\/wp-content\/uploads\/2022\/11\/MS4.png 1126w, https:\/\/vsdorfstetten.ac.at\/wp-content\/uploads\/2022\/11\/MS4-169x300.png 169w, https:\/\/vsdorfstetten.ac.at\/wp-content\/uploads\/2022\/11\/MS4-577x1024.png 577w, https:\/\/vsdorfstetten.ac.at\/wp-content\/uploads\/2022\/11\/MS4-768x1364.png 768w, https:\/\/vsdorfstetten.ac.at\/wp-content\/uploads\/2022\/11\/MS4-865x1536.png 865w\" sizes=\"(max-width: 1126px) 100vw, 1126px\" \/><\/figure>\n\n\n\n<figure class=\"wp-block-image size-large\"><img loading=\"lazy\" width=\"1126\" height=\"2000\" data-id=\"2011\"  src=\"https:\/\/vsdorfstetten.ac.at\/wp-content\/uploads\/2022\/11\/MS5.png\" alt=\"\" class=\"wp-image-2011\" srcset=\"https:\/\/vsdorfstetten.ac.at\/wp-content\/uploads\/2022\/11\/MS5.png 1126w, https:\/\/vsdorfstetten.ac.at\/wp-content\/uploads\/2022\/11\/MS5-169x300.png 169w, https:\/\/vsdorfstetten.ac.at\/wp-content\/uploads\/2022\/11\/MS5-577x1024.png 577w, https:\/\/vsdorfstetten.ac.at\/wp-content\/uploads\/2022\/11\/MS5-768x1364.png 768w, https:\/\/vsdorfstetten.ac.at\/wp-content\/uploads\/2022\/11\/MS5-865x1536.png 865w\" sizes=\"(max-width: 1126px) 100vw, 1126px\" \/><\/figure>\n<\/figure>\n\n\n\n<figure class=\"wp-container-4 wp-block-gallery-3 wp-block-gallery has-nested-images columns-default is-cropped\">\n<figure class=\"wp-block-image size-large\"><img loading=\"lazy\" width=\"2000\" height=\"1126\" data-id=\"2007\"  src=\"https:\/\/vsdorfstetten.ac.at\/wp-content\/uploads\/2022\/11\/MS6.png\" alt=\"\" class=\"wp-image-2007\" srcset=\"https:\/\/vsdorfstetten.ac.at\/wp-content\/uploads\/2022\/11\/MS6.png 2000w, https:\/\/vsdorfstetten.ac.at\/wp-content\/uploads\/2022\/11\/MS6-300x169.png 300w, https:\/\/vsdorfstetten.ac.at\/wp-content\/uploads\/2022\/11\/MS6-1024x577.png 1024w, https:\/\/vsdorfstetten.ac.at\/wp-content\/uploads\/2022\/11\/MS6-768x432.png 768w, https:\/\/vsdorfstetten.ac.at\/wp-content\/uploads\/2022\/11\/MS6-1536x865.png 1536w\" sizes=\"(max-width: 2000px) 100vw, 2000px\" \/><\/figure>\n\n\n\n<figure class=\"wp-block-image size-large\"><img loading=\"lazy\" width=\"1126\" height=\"2000\" data-id=\"2008\"  src=\"https:\/\/vsdorfstetten.ac.at\/wp-content\/uploads\/2022\/11\/MS7.png\" alt=\"\" class=\"wp-image-2008\" srcset=\"https:\/\/vsdorfstetten.ac.at\/wp-content\/uploads\/2022\/11\/MS7.png 1126w, https:\/\/vsdorfstetten.ac.at\/wp-content\/uploads\/2022\/11\/MS7-169x300.png 169w, https:\/\/vsdorfstetten.ac.at\/wp-content\/uploads\/2022\/11\/MS7-577x1024.png 577w, https:\/\/vsdorfstetten.ac.at\/wp-content\/uploads\/2022\/11\/MS7-768x1364.png 768w, https:\/\/vsdorfstetten.ac.at\/wp-content\/uploads\/2022\/11\/MS7-865x1536.png 865w\" sizes=\"(max-width: 1126px) 100vw, 1126px\" \/><\/figure>\n<figcaption class=\"blocks-gallery-caption\">Bei Frau G\u00fcnth\u00f6r im Physik-Unterricht wurden spannende Experimente gezeigt.<\/figcaption><\/figure>\n\n\n\n<p>Nach diesen Unterrichtseinblicken bekamen wir eine Jause und wurden anschlie\u00dfend noch durch den Rest des Schulgeb\u00e4udes (Werkraum, Musikraum, Turnsaal, Bibliothek&#8230;) gef\u00fchrt. <\/p>\n\n\n\n<figure class=\"wp-container-6 wp-block-gallery-5 wp-block-gallery has-nested-images columns-default is-cropped\">\n<figure class=\"wp-block-image size-large\"><img loading=\"lazy\" width=\"1024\" height=\"577\" data-id=\"2013\"  src=\"https:\/\/vsdorfstetten.ac.at\/wp-content\/uploads\/2022\/11\/MS8-1024x577.png\" alt=\"\" class=\"wp-image-2013\" srcset=\"https:\/\/vsdorfstetten.ac.at\/wp-content\/uploads\/2022\/11\/MS8-1024x577.png 1024w, https:\/\/vsdorfstetten.ac.at\/wp-content\/uploads\/2022\/11\/MS8-300x169.png 300w, https:\/\/vsdorfstetten.ac.at\/wp-content\/uploads\/2022\/11\/MS8-768x432.png 768w, https:\/\/vsdorfstetten.ac.at\/wp-content\/uploads\/2022\/11\/MS8-1536x865.png 1536w, https:\/\/vsdorfstetten.ac.at\/wp-content\/uploads\/2022\/11\/MS8.png 2000w\" sizes=\"(max-width: 1024px) 100vw, 1024px\" \/><\/figure>\n\n\n\n<figure class=\"wp-block-image size-large\"><img loading=\"lazy\" width=\"1024\" height=\"577\" data-id=\"2012\"  src=\"https:\/\/vsdorfstetten.ac.at\/wp-content\/uploads\/2022\/11\/Ms9-1024x577.png\" alt=\"\" class=\"wp-image-2012\" srcset=\"https:\/\/vsdorfstetten.ac.at\/wp-content\/uploads\/2022\/11\/Ms9-1024x577.png 1024w, https:\/\/vsdorfstetten.ac.at\/wp-content\/uploads\/2022\/11\/Ms9-300x169.png 300w, https:\/\/vsdorfstetten.ac.at\/wp-content\/uploads\/2022\/11\/Ms9-768x432.png 768w, https:\/\/vsdorfstetten.ac.at\/wp-content\/uploads\/2022\/11\/Ms9-1536x865.png 1536w, https:\/\/vsdorfstetten.ac.at\/wp-content\/uploads\/2022\/11\/Ms9.png 2000w\" sizes=\"(max-width: 1024px) 100vw, 1024px\" \/><\/figure>\n\n\n\n<figure class=\"wp-block-image size-large\"><img loading=\"lazy\" width=\"1024\" height=\"577\" data-id=\"2014\"  src=\"https:\/\/vsdorfstetten.ac.at\/wp-content\/uploads\/2022\/11\/MS11-1024x577.png\" alt=\"\" class=\"wp-image-2014\" srcset=\"https:\/\/vsdorfstetten.ac.at\/wp-content\/uploads\/2022\/11\/MS11-1024x577.png 1024w, https:\/\/vsdorfstetten.ac.at\/wp-content\/uploads\/2022\/11\/MS11-300x169.png 300w, https:\/\/vsdorfstetten.ac.at\/wp-content\/uploads\/2022\/11\/MS11-768x432.png 768w, https:\/\/vsdorfstetten.ac.at\/wp-content\/uploads\/2022\/11\/MS11-1536x865.png 1536w, https:\/\/vsdorfstetten.ac.at\/wp-content\/uploads\/2022\/11\/MS11.png 2000w\" sizes=\"(max-width: 1024px) 100vw, 1024px\" \/><\/figure>\n\n\n\n<figure class=\"wp-block-image size-large\"><img loading=\"lazy\" width=\"1024\" height=\"577\" data-id=\"2015\"  src=\"https:\/\/vsdorfstetten.ac.at\/wp-content\/uploads\/2022\/11\/MS10-1024x577.png\" alt=\"\" class=\"wp-image-2015\" srcset=\"https:\/\/vsdorfstetten.ac.at\/wp-content\/uploads\/2022\/11\/MS10-1024x577.png 1024w, https:\/\/vsdorfstetten.ac.at\/wp-content\/uploads\/2022\/11\/MS10-300x169.png 300w, https:\/\/vsdorfstetten.ac.at\/wp-content\/uploads\/2022\/11\/MS10-768x432.png 768w, https:\/\/vsdorfstetten.ac.at\/wp-content\/uploads\/2022\/11\/MS10-1536x865.png 1536w, https:\/\/vsdorfstetten.ac.at\/wp-content\/uploads\/2022\/11\/MS10.png 2000w\" sizes=\"(max-width: 1024px) 100vw, 1024px\" \/><\/figure>\n<\/figure>\n","protected":false},"excerpt":{"rendered":"<p>Die vierte Stufe der Volksschule wurde eingeladen, am 18. November 2022 zum Tag der offenen T\u00fcr in die Mittelschule Waldhausen &hellip; <\/p>\n","protected":false},"author":1,"featured_media":0,"comment_status":"closed","ping_status":"closed","sticky":false,"template":"","format":"standard","meta":[],"categories":[1],"tags":[],"_links":{"self":[{"href":"https:\/\/vsdorfstetten.ac.at\/index.php\/wp-json\/wp\/v2\/posts\/2004"}],"collection":[{"href":"https:\/\/vsdorfstetten.ac.at\/index.php\/wp-json\/wp\/v2\/posts"}],"about":[{"href":"https:\/\/vsdorfstetten.ac.at\/index.php\/wp-json\/wp\/v2\/types\/post"}],"author":[{"embeddable":true,"href":"https:\/\/vsdorfstetten.ac.at\/index.php\/wp-json\/wp\/v2\/users\/1"}],"replies":[{"embeddable":true,"href":"https:\/\/vsdorfstetten.ac.at\/index.php\/wp-json\/wp\/v2\/comments?post=2004"}],"version-history":[{"count":1,"href":"https:\/\/vsdorfstetten.ac.at\/index.php\/wp-json\/wp\/v2\/posts\/2004\/revisions"}],"predecessor-version":[{"id":2016,"href":"https:\/\/vsdorfstetten.ac.at\/index.php\/wp-json\/wp\/v2\/posts\/2004\/revisions\/2016"}],"wp:attachment":[{"href":"https:\/\/vsdorfstetten.ac.at\/index.php\/wp-json\/wp\/v2\/media?parent=2004"}],"wp:term":[{"taxonomy":"category","embeddable":true,"href":"https:\/\/vsdorfstetten.ac.at\/index.php\/wp-json\/wp\/v2\/categories?post=2004"},{"taxonomy":"post_tag","embeddable":true,"href":"https:\/\/vsdorfstetten.ac.at\/index.php\/wp-json\/wp\/v2\/tags?post=2004"}],"curies":[{"name":"wp","href":"https:\/\/api.w.org\/{rel}","templated":true}]}}