{"id":2035,"date":"2022-12-03T11:19:47","date_gmt":"2022-12-03T11:19:47","guid":{"rendered":"https:\/\/vsdorfstetten.ac.at\/?p=2035"},"modified":"2022-12-03T11:19:47","modified_gmt":"2022-12-03T11:19:47","slug":"singen-is-unsa-freid-volksmusik-macht-schule","status":"publish","type":"post","link":"https:\/\/vsdorfstetten.ac.at\/index.php\/2022\/12\/03\/singen-is-unsa-freid-volksmusik-macht-schule\/","title":{"rendered":"Singen is unsa Freid &#8211; Volksmusik macht Schule"},"content":{"rendered":"\n<p>Im Rahmen des Projektes Stimmbogen, das vom Land Nieder\u00f6sterreich und dem BMBWF finanziert wird, besuchten Lukas Langer und Erhard Mann am 28. November unsere Sch\u00fclerinnen und Sch\u00fcler und sangen mit ihnen Volkslieder. Bei diesem zweist\u00fcndigen Workshop sollte die Freude an der Musik\u00a0und am gemeinsamen Singen und Tanzen geweckt und gef\u00f6rdert und viele verschiedene Volkslieder kennengelernt werden. <\/p>\n\n\n\n<p>Unter diesen Links k\u00f6nnen Sie kurz in den Workshop schnuppern:<\/p>\n\n\n\n<p><a href=\"https:\/\/drive.google.com\/file\/d\/1Y50YxmvmLGLyy55VPLRcCbiB250ujiOq\/view?usp=sharing\" target=\"_blank\" rel=\"noreferrer noopener\">https:\/\/drive.google.com\/file\/d\/1Y50YxmvmLGLyy55VPLRcCbiB250ujiOq\/view?usp=sharing<\/a><\/p>\n\n\n\n<p><a href=\"https:\/\/drive.google.com\/file\/d\/1fmp6oOJQJGsTv6cZ3awfhF8-bJuBNM0J\/view?usp=share_link\">https:\/\/drive.google.com\/file\/d\/1fmp6oOJQJGsTv6cZ3awfhF8-bJuBNM0J\/view?usp=share_link<\/a><\/p>\n\n\n\n<figure class=\"wp-block-image size-large\"><img loading=\"lazy\" width=\"1024\" height=\"576\" src=\"https:\/\/vsdorfstetten.ac.at\/wp-content\/uploads\/2022\/12\/IMG_20221128_101813-1024x576.jpg\" alt=\"\" class=\"wp-image-2036\" srcset=\"https:\/\/vsdorfstetten.ac.at\/wp-content\/uploads\/2022\/12\/IMG_20221128_101813-1024x576.jpg 1024w, https:\/\/vsdorfstetten.ac.at\/wp-content\/uploads\/2022\/12\/IMG_20221128_101813-300x169.jpg 300w, https:\/\/vsdorfstetten.ac.at\/wp-content\/uploads\/2022\/12\/IMG_20221128_101813-768x432.jpg 768w, https:\/\/vsdorfstetten.ac.at\/wp-content\/uploads\/2022\/12\/IMG_20221128_101813-1536x864.jpg 1536w, https:\/\/vsdorfstetten.ac.at\/wp-content\/uploads\/2022\/12\/IMG_20221128_101813.jpg 1920w\" sizes=\"(max-width: 1024px) 100vw, 1024px\" \/><\/figure>\n\n\n\n<figure class=\"wp-block-image size-large\"><img loading=\"lazy\" width=\"1024\" height=\"577\" src=\"https:\/\/vsdorfstetten.ac.at\/wp-content\/uploads\/2022\/12\/Unbenannt-1024x577.png\" alt=\"\" class=\"wp-image-2037\" srcset=\"https:\/\/vsdorfstetten.ac.at\/wp-content\/uploads\/2022\/12\/Unbenannt-1024x577.png 1024w, https:\/\/vsdorfstetten.ac.at\/wp-content\/uploads\/2022\/12\/Unbenannt-300x169.png 300w, https:\/\/vsdorfstetten.ac.at\/wp-content\/uploads\/2022\/12\/Unbenannt-768x432.png 768w, https:\/\/vsdorfstetten.ac.at\/wp-content\/uploads\/2022\/12\/Unbenannt-1536x865.png 1536w, https:\/\/vsdorfstetten.ac.at\/wp-content\/uploads\/2022\/12\/Unbenannt.png 2000w\" sizes=\"(max-width: 1024px) 100vw, 1024px\" \/><\/figure>\n","protected":false},"excerpt":{"rendered":"<p>Im Rahmen des Projektes Stimmbogen, das vom Land Nieder\u00f6sterreich und dem BMBWF finanziert wird, besuchten Lukas Langer und Erhard Mann &hellip; <\/p>\n","protected":false},"author":1,"featured_media":0,"comment_status":"closed","ping_status":"closed","sticky":false,"template":"","format":"standard","meta":[],"categories":[1],"tags":[],"_links":{"self":[{"href":"https:\/\/vsdorfstetten.ac.at\/index.php\/wp-json\/wp\/v2\/posts\/2035"}],"collection":[{"href":"https:\/\/vsdorfstetten.ac.at\/index.php\/wp-json\/wp\/v2\/posts"}],"about":[{"href":"https:\/\/vsdorfstetten.ac.at\/index.php\/wp-json\/wp\/v2\/types\/post"}],"author":[{"embeddable":true,"href":"https:\/\/vsdorfstetten.ac.at\/index.php\/wp-json\/wp\/v2\/users\/1"}],"replies":[{"embeddable":true,"href":"https:\/\/vsdorfstetten.ac.at\/index.php\/wp-json\/wp\/v2\/comments?post=2035"}],"version-history":[{"count":2,"href":"https:\/\/vsdorfstetten.ac.at\/index.php\/wp-json\/wp\/v2\/posts\/2035\/revisions"}],"predecessor-version":[{"id":2039,"href":"https:\/\/vsdorfstetten.ac.at\/index.php\/wp-json\/wp\/v2\/posts\/2035\/revisions\/2039"}],"wp:attachment":[{"href":"https:\/\/vsdorfstetten.ac.at\/index.php\/wp-json\/wp\/v2\/media?parent=2035"}],"wp:term":[{"taxonomy":"category","embeddable":true,"href":"https:\/\/vsdorfstetten.ac.at\/index.php\/wp-json\/wp\/v2\/categories?post=2035"},{"taxonomy":"post_tag","embeddable":true,"href":"https:\/\/vsdorfstetten.ac.at\/index.php\/wp-json\/wp\/v2\/tags?post=2035"}],"curies":[{"name":"wp","href":"https:\/\/api.w.org\/{rel}","templated":true}]}}