{"id":2050,"date":"2022-12-05T10:22:38","date_gmt":"2022-12-05T10:22:38","guid":{"rendered":"https:\/\/vsdorfstetten.ac.at\/?p=2050"},"modified":"2022-12-05T10:22:38","modified_gmt":"2022-12-05T10:22:38","slug":"adventmarkt-und-adventsingen","status":"publish","type":"post","link":"https:\/\/vsdorfstetten.ac.at\/index.php\/2022\/12\/05\/adventmarkt-und-adventsingen\/","title":{"rendered":"Adventmarkt und Adventsingen"},"content":{"rendered":"\n<p>Am <strong>3. und 4. Dezember<\/strong> fand im Pfarrhof Dorfstetten der allj\u00e4hrliche <strong>Adventmarkt<\/strong> statt. Die Volksschule erhielt heuer die M\u00f6glichkeit, an einem der St\u00e4nde <strong>Selbstgebasteltes, Kinderpunsch<\/strong> und <strong>Kekse<\/strong> zu verkaufen. Wir konnten uns \u00fcber zahlreiche Besucher freuen und die Kinder betreuten den Stand mit gro\u00dfem Eifer. Wir m\u00f6chten uns herzlich beim <strong>Dorferneuerungsverein<\/strong> bedanken, der uns dies erm\u00f6glichte. Herzlichen Dank auch f\u00fcr die tolle, reibungslose Zusammenarbeit.<\/p>\n\n\n\n<p>Am Samstag, den 3.12.2022 fand um 15 Uhr das <strong>Adventsingen<\/strong> in der Pfarrkirche Dorfstetten statt. Auch die Volksschule beteiligte sich daran mit 2 Liedern, die die Kinder in eifriger Probenarbeit einstudiert hatten. Gemeinsam mit dem Musikverein, dem Kirchenchor, einigen Ensembles aus der Musikschule konnte eine <strong>Spende von 1300 \u20ac<\/strong> f\u00fcr das<strong> Projekt &#8222;Marys Meals&#8220; <\/strong>gesammelt werden.<\/p>\n\n\n\n<figure class=\"wp-container-2 wp-block-gallery-1 wp-block-gallery has-nested-images columns-default is-cropped\">\n<figure class=\"wp-block-image size-large\"><img loading=\"lazy\" width=\"800\" height=\"600\" data-id=\"2089\"  src=\"https:\/\/vsdorfstetten.ac.at\/wp-content\/uploads\/2022\/12\/IMG_20221203_164145.jpg\" alt=\"\" class=\"wp-image-2089\" srcset=\"https:\/\/vsdorfstetten.ac.at\/wp-content\/uploads\/2022\/12\/IMG_20221203_164145.jpg 800w, https:\/\/vsdorfstetten.ac.at\/wp-content\/uploads\/2022\/12\/IMG_20221203_164145-300x225.jpg 300w, https:\/\/vsdorfstetten.ac.at\/wp-content\/uploads\/2022\/12\/IMG_20221203_164145-768x576.jpg 768w\" sizes=\"(max-width: 800px) 100vw, 800px\" \/><\/figure>\n\n\n\n<figure class=\"wp-block-image size-large\"><img loading=\"lazy\" width=\"800\" height=\"600\" data-id=\"2092\"  src=\"https:\/\/vsdorfstetten.ac.at\/wp-content\/uploads\/2022\/12\/IMG_20221203_164205.jpg\" alt=\"\" class=\"wp-image-2092\" srcset=\"https:\/\/vsdorfstetten.ac.at\/wp-content\/uploads\/2022\/12\/IMG_20221203_164205.jpg 800w, https:\/\/vsdorfstetten.ac.at\/wp-content\/uploads\/2022\/12\/IMG_20221203_164205-300x225.jpg 300w, https:\/\/vsdorfstetten.ac.at\/wp-content\/uploads\/2022\/12\/IMG_20221203_164205-768x576.jpg 768w\" sizes=\"(max-width: 800px) 100vw, 800px\" \/><\/figure>\n\n\n\n<figure class=\"wp-block-image size-large\"><img loading=\"lazy\" width=\"800\" height=\"600\" data-id=\"2091\"  src=\"https:\/\/vsdorfstetten.ac.at\/wp-content\/uploads\/2022\/12\/IMG_20221204_095606.jpg\" alt=\"\" class=\"wp-image-2091\" srcset=\"https:\/\/vsdorfstetten.ac.at\/wp-content\/uploads\/2022\/12\/IMG_20221204_095606.jpg 800w, https:\/\/vsdorfstetten.ac.at\/wp-content\/uploads\/2022\/12\/IMG_20221204_095606-300x225.jpg 300w, https:\/\/vsdorfstetten.ac.at\/wp-content\/uploads\/2022\/12\/IMG_20221204_095606-768x576.jpg 768w\" sizes=\"(max-width: 800px) 100vw, 800px\" \/><\/figure>\n\n\n\n<figure class=\"wp-block-image size-large\"><img loading=\"lazy\" width=\"712\" height=\"377\" data-id=\"2090\"  src=\"https:\/\/vsdorfstetten.ac.at\/wp-content\/uploads\/2022\/12\/IMG-20221204-WA0005.jpg\" alt=\"\" class=\"wp-image-2090\" srcset=\"https:\/\/vsdorfstetten.ac.at\/wp-content\/uploads\/2022\/12\/IMG-20221204-WA0005.jpg 712w, https:\/\/vsdorfstetten.ac.at\/wp-content\/uploads\/2022\/12\/IMG-20221204-WA0005-300x159.jpg 300w\" sizes=\"(max-width: 712px) 100vw, 712px\" \/><\/figure>\n\n\n\n<figure class=\"wp-block-image size-large\"><img loading=\"lazy\" width=\"800\" height=\"600\" data-id=\"2093\"  src=\"https:\/\/vsdorfstetten.ac.at\/wp-content\/uploads\/2022\/12\/IMG-20221204-WA0006.jpg\" alt=\"\" class=\"wp-image-2093\" srcset=\"https:\/\/vsdorfstetten.ac.at\/wp-content\/uploads\/2022\/12\/IMG-20221204-WA0006.jpg 800w, https:\/\/vsdorfstetten.ac.at\/wp-content\/uploads\/2022\/12\/IMG-20221204-WA0006-300x225.jpg 300w, https:\/\/vsdorfstetten.ac.at\/wp-content\/uploads\/2022\/12\/IMG-20221204-WA0006-768x576.jpg 768w\" sizes=\"(max-width: 800px) 100vw, 800px\" \/><\/figure>\n\n\n\n<figure class=\"wp-block-image size-large\"><img loading=\"lazy\" width=\"800\" height=\"600\" data-id=\"2094\"  src=\"https:\/\/vsdorfstetten.ac.at\/wp-content\/uploads\/2022\/12\/IMG-20221204-WA0008.jpg\" alt=\"\" class=\"wp-image-2094\" srcset=\"https:\/\/vsdorfstetten.ac.at\/wp-content\/uploads\/2022\/12\/IMG-20221204-WA0008.jpg 800w, https:\/\/vsdorfstetten.ac.at\/wp-content\/uploads\/2022\/12\/IMG-20221204-WA0008-300x225.jpg 300w, https:\/\/vsdorfstetten.ac.at\/wp-content\/uploads\/2022\/12\/IMG-20221204-WA0008-768x576.jpg 768w\" sizes=\"(max-width: 800px) 100vw, 800px\" \/><\/figure>\n\n\n\n<figure class=\"wp-block-image size-large\"><img loading=\"lazy\" width=\"800\" height=\"450\" data-id=\"2096\"  src=\"https:\/\/vsdorfstetten.ac.at\/wp-content\/uploads\/2022\/12\/IMG-20221205-WA0001.jpg\" alt=\"\" class=\"wp-image-2096\" srcset=\"https:\/\/vsdorfstetten.ac.at\/wp-content\/uploads\/2022\/12\/IMG-20221205-WA0001.jpg 800w, https:\/\/vsdorfstetten.ac.at\/wp-content\/uploads\/2022\/12\/IMG-20221205-WA0001-300x169.jpg 300w, https:\/\/vsdorfstetten.ac.at\/wp-content\/uploads\/2022\/12\/IMG-20221205-WA0001-768x432.jpg 768w\" sizes=\"(max-width: 800px) 100vw, 800px\" \/><\/figure>\n\n\n\n<figure class=\"wp-block-image size-large\"><img loading=\"lazy\" width=\"800\" height=\"450\" data-id=\"2095\"  src=\"https:\/\/vsdorfstetten.ac.at\/wp-content\/uploads\/2022\/12\/IMG-20221205-WA0002.jpg\" alt=\"\" class=\"wp-image-2095\" srcset=\"https:\/\/vsdorfstetten.ac.at\/wp-content\/uploads\/2022\/12\/IMG-20221205-WA0002.jpg 800w, https:\/\/vsdorfstetten.ac.at\/wp-content\/uploads\/2022\/12\/IMG-20221205-WA0002-300x169.jpg 300w, https:\/\/vsdorfstetten.ac.at\/wp-content\/uploads\/2022\/12\/IMG-20221205-WA0002-768x432.jpg 768w\" sizes=\"(max-width: 800px) 100vw, 800px\" \/><\/figure>\n<\/figure>\n","protected":false},"excerpt":{"rendered":"<p>Am 3. und 4. Dezember fand im Pfarrhof Dorfstetten der allj\u00e4hrliche Adventmarkt statt. Die Volksschule erhielt heuer die M\u00f6glichkeit, an &hellip; <\/p>\n","protected":false},"author":1,"featured_media":0,"comment_status":"closed","ping_status":"closed","sticky":false,"template":"","format":"standard","meta":[],"categories":[1],"tags":[],"_links":{"self":[{"href":"https:\/\/vsdorfstetten.ac.at\/index.php\/wp-json\/wp\/v2\/posts\/2050"}],"collection":[{"href":"https:\/\/vsdorfstetten.ac.at\/index.php\/wp-json\/wp\/v2\/posts"}],"about":[{"href":"https:\/\/vsdorfstetten.ac.at\/index.php\/wp-json\/wp\/v2\/types\/post"}],"author":[{"embeddable":true,"href":"https:\/\/vsdorfstetten.ac.at\/index.php\/wp-json\/wp\/v2\/users\/1"}],"replies":[{"embeddable":true,"href":"https:\/\/vsdorfstetten.ac.at\/index.php\/wp-json\/wp\/v2\/comments?post=2050"}],"version-history":[{"count":2,"href":"https:\/\/vsdorfstetten.ac.at\/index.php\/wp-json\/wp\/v2\/posts\/2050\/revisions"}],"predecessor-version":[{"id":2097,"href":"https:\/\/vsdorfstetten.ac.at\/index.php\/wp-json\/wp\/v2\/posts\/2050\/revisions\/2097"}],"wp:attachment":[{"href":"https:\/\/vsdorfstetten.ac.at\/index.php\/wp-json\/wp\/v2\/media?parent=2050"}],"wp:term":[{"taxonomy":"category","embeddable":true,"href":"https:\/\/vsdorfstetten.ac.at\/index.php\/wp-json\/wp\/v2\/categories?post=2050"},{"taxonomy":"post_tag","embeddable":true,"href":"https:\/\/vsdorfstetten.ac.at\/index.php\/wp-json\/wp\/v2\/tags?post=2050"}],"curies":[{"name":"wp","href":"https:\/\/api.w.org\/{rel}","templated":true}]}}