{"id":2124,"date":"2022-12-09T15:56:56","date_gmt":"2022-12-09T15:56:56","guid":{"rendered":"https:\/\/vsdorfstetten.ac.at\/?p=2124"},"modified":"2022-12-09T15:56:56","modified_gmt":"2022-12-09T15:56:56","slug":"besuch-vom-nikolaus","status":"publish","type":"post","link":"https:\/\/vsdorfstetten.ac.at\/index.php\/2022\/12\/09\/besuch-vom-nikolaus\/","title":{"rendered":"Besuch vom Nikolaus"},"content":{"rendered":"\n<p>Am 6. Dezember durften die Kinder die zweite Stunde unerwartet fr\u00fcher beenden. Gemeinsam mit ihren Lehrerinnen gingen sie vor die Schule und bemerkten pl\u00f6tzlich eine Spur aus Tannenzweigen und N\u00fcssen, die zum Kirchenparkplatz f\u00fchrte! Dort angekommen, stapfte uns pl\u00f6tzlich der Nikolaus mit seinem Schlitten durch den Schnee entgegen. Er erz\u00e4hlte den Kindern, was wirklich wichtig ist in der Adventzeit und generell immer &#8211; die Gemeinschaft, das Zusammensein, die gegenseitige Hilfe und Unterst\u00fctzung! Anschlie\u00dfend bekam jedes Kind ein Gaben-S\u00e4ckchen vom Nikolaus. <\/p>\n\n\n\n<p>Wir danken Herrn Gruber und der Gemeinde Dorfstetten!<\/p>\n\n\n\n<p><\/p>\n\n\n\n<figure class=\"wp-container-2 wp-block-gallery-1 wp-block-gallery has-nested-images columns-default is-cropped\">\n<figure class=\"wp-block-image size-large\"><img loading=\"lazy\" width=\"600\" height=\"800\" data-id=\"2134\"  src=\"https:\/\/vsdorfstetten.ac.at\/wp-content\/uploads\/2022\/12\/IMG_20221206_090350.jpg\" alt=\"\" class=\"wp-image-2134\" srcset=\"https:\/\/vsdorfstetten.ac.at\/wp-content\/uploads\/2022\/12\/IMG_20221206_090350.jpg 600w, https:\/\/vsdorfstetten.ac.at\/wp-content\/uploads\/2022\/12\/IMG_20221206_090350-225x300.jpg 225w\" sizes=\"(max-width: 600px) 100vw, 600px\" \/><\/figure>\n\n\n\n<figure class=\"wp-block-image size-large\"><img loading=\"lazy\" width=\"600\" height=\"450\" data-id=\"2128\"  src=\"https:\/\/vsdorfstetten.ac.at\/wp-content\/uploads\/2022\/12\/IMG_20221206_090354.jpg\" alt=\"\" class=\"wp-image-2128\" srcset=\"https:\/\/vsdorfstetten.ac.at\/wp-content\/uploads\/2022\/12\/IMG_20221206_090354.jpg 600w, https:\/\/vsdorfstetten.ac.at\/wp-content\/uploads\/2022\/12\/IMG_20221206_090354-300x225.jpg 300w\" sizes=\"(max-width: 600px) 100vw, 600px\" \/><\/figure>\n\n\n\n<figure class=\"wp-block-image size-large\"><img loading=\"lazy\" width=\"600\" height=\"800\" data-id=\"2132\"  src=\"https:\/\/vsdorfstetten.ac.at\/wp-content\/uploads\/2022\/12\/IMG_20221206_090430.jpg\" alt=\"\" class=\"wp-image-2132\" srcset=\"https:\/\/vsdorfstetten.ac.at\/wp-content\/uploads\/2022\/12\/IMG_20221206_090430.jpg 600w, https:\/\/vsdorfstetten.ac.at\/wp-content\/uploads\/2022\/12\/IMG_20221206_090430-225x300.jpg 225w\" sizes=\"(max-width: 600px) 100vw, 600px\" \/><\/figure>\n\n\n\n<figure class=\"wp-block-image size-large\"><img loading=\"lazy\" width=\"600\" height=\"800\" data-id=\"2133\"  src=\"https:\/\/vsdorfstetten.ac.at\/wp-content\/uploads\/2022\/12\/IMG_20221206_090447.jpg\" alt=\"\" class=\"wp-image-2133\" srcset=\"https:\/\/vsdorfstetten.ac.at\/wp-content\/uploads\/2022\/12\/IMG_20221206_090447.jpg 600w, https:\/\/vsdorfstetten.ac.at\/wp-content\/uploads\/2022\/12\/IMG_20221206_090447-225x300.jpg 225w\" sizes=\"(max-width: 600px) 100vw, 600px\" \/><\/figure>\n\n\n\n<figure class=\"wp-block-image size-large\"><img loading=\"lazy\" width=\"600\" height=\"800\" data-id=\"2131\"  src=\"https:\/\/vsdorfstetten.ac.at\/wp-content\/uploads\/2022\/12\/IMG_20221206_090933.jpg\" alt=\"\" class=\"wp-image-2131\" srcset=\"https:\/\/vsdorfstetten.ac.at\/wp-content\/uploads\/2022\/12\/IMG_20221206_090933.jpg 600w, https:\/\/vsdorfstetten.ac.at\/wp-content\/uploads\/2022\/12\/IMG_20221206_090933-225x300.jpg 225w\" sizes=\"(max-width: 600px) 100vw, 600px\" \/><\/figure>\n<\/figure>\n\n\n<div class=\"wp-block-image\">\n<figure class=\"aligncenter size-full\"><img loading=\"lazy\" width=\"600\" height=\"450\" src=\"https:\/\/vsdorfstetten.ac.at\/wp-content\/uploads\/2022\/12\/IMG_20221206_090402-2.jpg\" alt=\"\" class=\"wp-image-2137\" srcset=\"https:\/\/vsdorfstetten.ac.at\/wp-content\/uploads\/2022\/12\/IMG_20221206_090402-2.jpg 600w, https:\/\/vsdorfstetten.ac.at\/wp-content\/uploads\/2022\/12\/IMG_20221206_090402-2-300x225.jpg 300w\" sizes=\"(max-width: 600px) 100vw, 600px\" \/><\/figure><\/div>","protected":false},"excerpt":{"rendered":"<p>Am 6. Dezember durften die Kinder die zweite Stunde unerwartet fr\u00fcher beenden. Gemeinsam mit ihren Lehrerinnen gingen sie vor die &hellip; <\/p>\n","protected":false},"author":1,"featured_media":0,"comment_status":"closed","ping_status":"closed","sticky":false,"template":"","format":"standard","meta":[],"categories":[1],"tags":[],"_links":{"self":[{"href":"https:\/\/vsdorfstetten.ac.at\/index.php\/wp-json\/wp\/v2\/posts\/2124"}],"collection":[{"href":"https:\/\/vsdorfstetten.ac.at\/index.php\/wp-json\/wp\/v2\/posts"}],"about":[{"href":"https:\/\/vsdorfstetten.ac.at\/index.php\/wp-json\/wp\/v2\/types\/post"}],"author":[{"embeddable":true,"href":"https:\/\/vsdorfstetten.ac.at\/index.php\/wp-json\/wp\/v2\/users\/1"}],"replies":[{"embeddable":true,"href":"https:\/\/vsdorfstetten.ac.at\/index.php\/wp-json\/wp\/v2\/comments?post=2124"}],"version-history":[{"count":3,"href":"https:\/\/vsdorfstetten.ac.at\/index.php\/wp-json\/wp\/v2\/posts\/2124\/revisions"}],"predecessor-version":[{"id":2153,"href":"https:\/\/vsdorfstetten.ac.at\/index.php\/wp-json\/wp\/v2\/posts\/2124\/revisions\/2153"}],"wp:attachment":[{"href":"https:\/\/vsdorfstetten.ac.at\/index.php\/wp-json\/wp\/v2\/media?parent=2124"}],"wp:term":[{"taxonomy":"category","embeddable":true,"href":"https:\/\/vsdorfstetten.ac.at\/index.php\/wp-json\/wp\/v2\/categories?post=2124"},{"taxonomy":"post_tag","embeddable":true,"href":"https:\/\/vsdorfstetten.ac.at\/index.php\/wp-json\/wp\/v2\/tags?post=2124"}],"curies":[{"name":"wp","href":"https:\/\/api.w.org\/{rel}","templated":true}]}}