{"id":2428,"date":"2023-04-07T21:15:48","date_gmt":"2023-04-07T21:15:48","guid":{"rendered":"https:\/\/vsdorfstetten.ac.at\/?p=2428"},"modified":"2023-04-07T21:15:48","modified_gmt":"2023-04-07T21:15:48","slug":"projekttage-2-klasse","status":"publish","type":"post","link":"https:\/\/vsdorfstetten.ac.at\/index.php\/2023\/04\/07\/projekttage-2-klasse\/","title":{"rendered":"Projekttage 2. Klasse"},"content":{"rendered":"\n<p>Die letzten drei Tage vor den Osterferien (29.-31.3.) verbrachte die zweite Klasse mit Frau Lehrer Lagler und der Begleiterin Rosi Hochst\u00f6ger mit den geplanten Projekttagen in der Wachau. <\/p>\n\n\n\n<p>Am Mittwoch gab es zun\u00e4chst eine F\u00fchrung durch das Festspielhaus St. P\u00f6lten, danach fand ein tolles Konzert des Tonk\u00fcnstlerorchesters statt.  Am Nachmittag waren die Kinder Detektive im Museum Nieder\u00f6sterreich und durften dort Pfotenabdr\u00fccke gipsen. Auf dem Weg zum Bahnhof wurde noch kurz der Klangturm und der Dom besichtigt. Nach dem Abendessen in der Unterkunft in Krems wanderten die flei\u00dfigen Kinder noch auf den Kremser Kreuzberg, um dort die Aussicht zu genie\u00dfen. Zum Abschluss des Tages gab es noch eine Hei\u00dfe Schokolade.<\/p>\n\n\n\n<p>Donnerstag Vormittag nahmen die Kinder an einem Kunstworkshop zum Thema Berge teil und durften danach die passende Ausstellung &#8222;Seilschaften&#8220; in der Landesgalerie entdecken. Statt Mittag zu essen,  a\u00dfen die Kinder beim Pavillon unterhalb der Ruine Hinterhaus in Spitz ein Lunchpaket. Gest\u00e4rkt wurde dann die Ruine erkundet. Zur Belohnung gab es ein Eis. Weil die Sch\u00fclerinnen und Sch\u00fcler so flei\u00dfige Wanderer sind, wanderten sie danach noch auf die Ruine D\u00fcrnstein. Nach dem Abendessen spazierten wir dann noch an der Donau und kehrten wiederum auf eine Hei\u00dfe Schokolade ein.<\/p>\n\n\n\n<p>Am letzten Tag stand das Stift Melk am Programm. Vor dem Start der Kinderf\u00fchrung war noch Zeit, die Stadt zu besichtigen und Pizza zu essen. Bei der F\u00fchrung sahen die Kinder dann das Kaiseroratorium (den Raum von dem aus Maria Theresia der Hl. Messe beiwohnte), Modelle der fr\u00fcheren und heutigen Stiftsanlage, den Marmorsaal mit der beeindruckenden illusorischen Deckenmalerei, die wundersch\u00f6ne Bibliothek und die barocke Stiftskirche. <\/p>\n\n\n\n<p>Es waren drei wundervolle Tage!<\/p>\n\n\n\n<figure class=\"wp-container-2 wp-block-gallery-1 wp-block-gallery has-nested-images columns-default is-cropped\">\n<figure class=\"wp-block-image size-large\"><img loading=\"lazy\" width=\"945\" height=\"532\" data-id=\"2431\"  src=\"https:\/\/vsdorfstetten.ac.at\/wp-content\/uploads\/2023\/04\/Bild1.jpg\" alt=\"\" class=\"wp-image-2431\" srcset=\"https:\/\/vsdorfstetten.ac.at\/wp-content\/uploads\/2023\/04\/Bild1.jpg 945w, https:\/\/vsdorfstetten.ac.at\/wp-content\/uploads\/2023\/04\/Bild1-300x169.jpg 300w, https:\/\/vsdorfstetten.ac.at\/wp-content\/uploads\/2023\/04\/Bild1-768x432.jpg 768w\" sizes=\"(max-width: 945px) 100vw, 945px\" \/><\/figure>\n\n\n\n<figure class=\"wp-block-image size-large\"><img loading=\"lazy\" width=\"945\" height=\"532\" data-id=\"2429\"  src=\"https:\/\/vsdorfstetten.ac.at\/wp-content\/uploads\/2023\/04\/Bild2.jpg\" alt=\"\" class=\"wp-image-2429\" srcset=\"https:\/\/vsdorfstetten.ac.at\/wp-content\/uploads\/2023\/04\/Bild2.jpg 945w, https:\/\/vsdorfstetten.ac.at\/wp-content\/uploads\/2023\/04\/Bild2-300x169.jpg 300w, https:\/\/vsdorfstetten.ac.at\/wp-content\/uploads\/2023\/04\/Bild2-768x432.jpg 768w\" sizes=\"(max-width: 945px) 100vw, 945px\" \/><\/figure>\n\n\n\n<figure class=\"wp-block-image size-large\"><img loading=\"lazy\" width=\"945\" height=\"532\" data-id=\"2433\"  src=\"https:\/\/vsdorfstetten.ac.at\/wp-content\/uploads\/2023\/04\/Bild3.jpg\" alt=\"\" class=\"wp-image-2433\" srcset=\"https:\/\/vsdorfstetten.ac.at\/wp-content\/uploads\/2023\/04\/Bild3.jpg 945w, https:\/\/vsdorfstetten.ac.at\/wp-content\/uploads\/2023\/04\/Bild3-300x169.jpg 300w, https:\/\/vsdorfstetten.ac.at\/wp-content\/uploads\/2023\/04\/Bild3-768x432.jpg 768w\" sizes=\"(max-width: 945px) 100vw, 945px\" \/><\/figure>\n\n\n\n<figure class=\"wp-block-image size-full\"><img loading=\"lazy\" width=\"837\" height=\"709\" data-id=\"2435\"  src=\"https:\/\/vsdorfstetten.ac.at\/wp-content\/uploads\/2023\/04\/Bild8.jpg\" alt=\"\" class=\"wp-image-2435\" srcset=\"https:\/\/vsdorfstetten.ac.at\/wp-content\/uploads\/2023\/04\/Bild8.jpg 837w, https:\/\/vsdorfstetten.ac.at\/wp-content\/uploads\/2023\/04\/Bild8-300x254.jpg 300w, https:\/\/vsdorfstetten.ac.at\/wp-content\/uploads\/2023\/04\/Bild8-768x651.jpg 768w\" sizes=\"(max-width: 837px) 100vw, 837px\" \/><\/figure>\n\n\n\n<figure class=\"wp-block-image size-full\"><img loading=\"lazy\" width=\"837\" height=\"709\" data-id=\"2436\"  src=\"https:\/\/vsdorfstetten.ac.at\/wp-content\/uploads\/2023\/04\/Bild9.jpg\" alt=\"\" class=\"wp-image-2436\" srcset=\"https:\/\/vsdorfstetten.ac.at\/wp-content\/uploads\/2023\/04\/Bild9.jpg 837w, https:\/\/vsdorfstetten.ac.at\/wp-content\/uploads\/2023\/04\/Bild9-300x254.jpg 300w, https:\/\/vsdorfstetten.ac.at\/wp-content\/uploads\/2023\/04\/Bild9-768x651.jpg 768w\" sizes=\"(max-width: 837px) 100vw, 837px\" \/><\/figure>\n\n\n\n<figure class=\"wp-block-image size-large\"><img loading=\"lazy\" width=\"533\" height=\"945\" data-id=\"2432\"  src=\"https:\/\/vsdorfstetten.ac.at\/wp-content\/uploads\/2023\/04\/Bild6.jpg\" alt=\"\" class=\"wp-image-2432\" srcset=\"https:\/\/vsdorfstetten.ac.at\/wp-content\/uploads\/2023\/04\/Bild6.jpg 533w, https:\/\/vsdorfstetten.ac.at\/wp-content\/uploads\/2023\/04\/Bild6-169x300.jpg 169w\" sizes=\"(max-width: 533px) 100vw, 533px\" \/><\/figure>\n<\/figure>\n","protected":false},"excerpt":{"rendered":"<p>Die letzten drei Tage vor den Osterferien (29.-31.3.) verbrachte die zweite Klasse mit Frau Lehrer Lagler und der Begleiterin Rosi &hellip; <\/p>\n","protected":false},"author":1,"featured_media":0,"comment_status":"closed","ping_status":"closed","sticky":false,"template":"","format":"standard","meta":[],"categories":[1],"tags":[],"_links":{"self":[{"href":"https:\/\/vsdorfstetten.ac.at\/index.php\/wp-json\/wp\/v2\/posts\/2428"}],"collection":[{"href":"https:\/\/vsdorfstetten.ac.at\/index.php\/wp-json\/wp\/v2\/posts"}],"about":[{"href":"https:\/\/vsdorfstetten.ac.at\/index.php\/wp-json\/wp\/v2\/types\/post"}],"author":[{"embeddable":true,"href":"https:\/\/vsdorfstetten.ac.at\/index.php\/wp-json\/wp\/v2\/users\/1"}],"replies":[{"embeddable":true,"href":"https:\/\/vsdorfstetten.ac.at\/index.php\/wp-json\/wp\/v2\/comments?post=2428"}],"version-history":[{"count":1,"href":"https:\/\/vsdorfstetten.ac.at\/index.php\/wp-json\/wp\/v2\/posts\/2428\/revisions"}],"predecessor-version":[{"id":2437,"href":"https:\/\/vsdorfstetten.ac.at\/index.php\/wp-json\/wp\/v2\/posts\/2428\/revisions\/2437"}],"wp:attachment":[{"href":"https:\/\/vsdorfstetten.ac.at\/index.php\/wp-json\/wp\/v2\/media?parent=2428"}],"wp:term":[{"taxonomy":"category","embeddable":true,"href":"https:\/\/vsdorfstetten.ac.at\/index.php\/wp-json\/wp\/v2\/categories?post=2428"},{"taxonomy":"post_tag","embeddable":true,"href":"https:\/\/vsdorfstetten.ac.at\/index.php\/wp-json\/wp\/v2\/tags?post=2428"}],"curies":[{"name":"wp","href":"https:\/\/api.w.org\/{rel}","templated":true}]}}