{"id":2455,"date":"2023-04-17T08:50:00","date_gmt":"2023-04-17T08:50:00","guid":{"rendered":"https:\/\/vsdorfstetten.ac.at\/?p=2455"},"modified":"2023-04-26T09:58:57","modified_gmt":"2023-04-26T09:58:57","slug":"alle-kinder-werden-erwachsen-ausser-peter-pan","status":"publish","type":"post","link":"https:\/\/vsdorfstetten.ac.at\/index.php\/2023\/04\/17\/alle-kinder-werden-erwachsen-ausser-peter-pan\/","title":{"rendered":"Alle Kinder werden erwachsen, au\u00dfer Peter Pan!"},"content":{"rendered":"\n<p>Am 14.04.2023 besuchten die Kinder der VS Dorfstetten das Musical &#8222;Peter Pan&#8220;. Die Schauspieler und Schauspielerinnen von &#8222;Theater mit Horizont&#8220; begeisterten die Kinder und sie reisten gemeinsam mit ihnen ins Nimmerland. <\/p>\n\n\n\n<p>Wir m\u00f6chten uns sehr herzlich bei der <strong>B\u00e4ckerei G\u00f6bl<\/strong> bedanken, die die Buskosten f\u00fcr diesen tollen Musicalbesuch \u00fcbernommen hat! <\/p>\n\n\n\n<figure class=\"wp-container-2 wp-block-gallery-1 wp-block-gallery has-nested-images columns-default is-cropped\">\n<figure class=\"wp-block-image size-large\"><img loading=\"lazy\" width=\"600\" height=\"800\" data-id=\"2470\"  src=\"https:\/\/vsdorfstetten.ac.at\/wp-content\/uploads\/2023\/04\/IMG_20230414_085602.jpg\" alt=\"\" class=\"wp-image-2470\" srcset=\"https:\/\/vsdorfstetten.ac.at\/wp-content\/uploads\/2023\/04\/IMG_20230414_085602.jpg 600w, https:\/\/vsdorfstetten.ac.at\/wp-content\/uploads\/2023\/04\/IMG_20230414_085602-225x300.jpg 225w\" sizes=\"(max-width: 600px) 100vw, 600px\" \/><\/figure>\n\n\n\n<figure class=\"wp-block-image size-large\"><img loading=\"lazy\" width=\"500\" height=\"375\" data-id=\"2469\"  src=\"https:\/\/vsdorfstetten.ac.at\/wp-content\/uploads\/2023\/04\/IMG_20230414_100815.jpg\" alt=\"\" class=\"wp-image-2469\" srcset=\"https:\/\/vsdorfstetten.ac.at\/wp-content\/uploads\/2023\/04\/IMG_20230414_100815.jpg 500w, https:\/\/vsdorfstetten.ac.at\/wp-content\/uploads\/2023\/04\/IMG_20230414_100815-300x225.jpg 300w\" sizes=\"(max-width: 500px) 100vw, 500px\" \/><\/figure>\n<\/figure>\n","protected":false},"excerpt":{"rendered":"<p>Am 14.04.2023 besuchten die Kinder der VS Dorfstetten das Musical &#8222;Peter Pan&#8220;. Die Schauspieler und Schauspielerinnen von &#8222;Theater mit Horizont&#8220; &hellip; <\/p>\n","protected":false},"author":1,"featured_media":0,"comment_status":"closed","ping_status":"closed","sticky":false,"template":"","format":"standard","meta":[],"categories":[1],"tags":[],"_links":{"self":[{"href":"https:\/\/vsdorfstetten.ac.at\/index.php\/wp-json\/wp\/v2\/posts\/2455"}],"collection":[{"href":"https:\/\/vsdorfstetten.ac.at\/index.php\/wp-json\/wp\/v2\/posts"}],"about":[{"href":"https:\/\/vsdorfstetten.ac.at\/index.php\/wp-json\/wp\/v2\/types\/post"}],"author":[{"embeddable":true,"href":"https:\/\/vsdorfstetten.ac.at\/index.php\/wp-json\/wp\/v2\/users\/1"}],"replies":[{"embeddable":true,"href":"https:\/\/vsdorfstetten.ac.at\/index.php\/wp-json\/wp\/v2\/comments?post=2455"}],"version-history":[{"count":4,"href":"https:\/\/vsdorfstetten.ac.at\/index.php\/wp-json\/wp\/v2\/posts\/2455\/revisions"}],"predecessor-version":[{"id":2473,"href":"https:\/\/vsdorfstetten.ac.at\/index.php\/wp-json\/wp\/v2\/posts\/2455\/revisions\/2473"}],"wp:attachment":[{"href":"https:\/\/vsdorfstetten.ac.at\/index.php\/wp-json\/wp\/v2\/media?parent=2455"}],"wp:term":[{"taxonomy":"category","embeddable":true,"href":"https:\/\/vsdorfstetten.ac.at\/index.php\/wp-json\/wp\/v2\/categories?post=2455"},{"taxonomy":"post_tag","embeddable":true,"href":"https:\/\/vsdorfstetten.ac.at\/index.php\/wp-json\/wp\/v2\/tags?post=2455"}],"curies":[{"name":"wp","href":"https:\/\/api.w.org\/{rel}","templated":true}]}}