{"id":2729,"date":"2023-06-23T09:20:00","date_gmt":"2023-06-23T09:20:00","guid":{"rendered":"https:\/\/vsdorfstetten.ac.at\/?p=2729"},"modified":"2023-06-27T09:29:55","modified_gmt":"2023-06-27T09:29:55","slug":"schultaschentag-2","status":"publish","type":"post","link":"https:\/\/vsdorfstetten.ac.at\/index.php\/2023\/06\/23\/schultaschentag-2\/","title":{"rendered":"Schultaschentag"},"content":{"rendered":"\n<p><\/p>\n\n\n\n<p>Am Donnerstag, den 22.06.2023 begr\u00fc\u00dften wir an unserer Schule die 6 neuen Schulanf\u00e4ngerinnen und Schulanf\u00e4nger aus dem Kindergarten. Gemeinsam mit den Kindern aus der ersten Schulstufe wurde eine Schulhausrallye durchgef\u00fchrt und die Kinder pr\u00e4sentierten ihre tollen Schultaschen. Die Kinder konnten im Anschluss eine Ferienbox gestalten, in die sie viele sch\u00f6ne Dinge geben k\u00f6nnen, die sie an unvergessliche Ferien erinnern. Zum Abschluss schauten sich die Kinder einen lustigen, kurzen Film an.<\/p>\n\n\n\n<p>Wir freuen uns schon sehr auf unsere Schulanf\u00e4ngerinnen und Schulanf\u00e4nger! <\/p>\n\n\n\n<figure class=\"wp-container-2 wp-block-gallery-1 wp-block-gallery has-nested-images columns-default is-cropped\">\n<figure class=\"wp-block-image size-large\"><img loading=\"lazy\" width=\"600\" height=\"800\" data-id=\"2732\"  src=\"https:\/\/vsdorfstetten.ac.at\/wp-content\/uploads\/2023\/06\/IMG_20230622_085200.jpg\" alt=\"\" class=\"wp-image-2732\" srcset=\"https:\/\/vsdorfstetten.ac.at\/wp-content\/uploads\/2023\/06\/IMG_20230622_085200.jpg 600w, https:\/\/vsdorfstetten.ac.at\/wp-content\/uploads\/2023\/06\/IMG_20230622_085200-225x300.jpg 225w\" sizes=\"(max-width: 600px) 100vw, 600px\" \/><\/figure>\n\n\n\n<figure class=\"wp-block-image size-large\"><img loading=\"lazy\" width=\"576\" height=\"1024\" data-id=\"2736\"  src=\"https:\/\/vsdorfstetten.ac.at\/wp-content\/uploads\/2023\/06\/IMG-20230622-WA0007-576x1024.jpg\" alt=\"\" class=\"wp-image-2736\" srcset=\"https:\/\/vsdorfstetten.ac.at\/wp-content\/uploads\/2023\/06\/IMG-20230622-WA0007-576x1024.jpg 576w, https:\/\/vsdorfstetten.ac.at\/wp-content\/uploads\/2023\/06\/IMG-20230622-WA0007-169x300.jpg 169w, https:\/\/vsdorfstetten.ac.at\/wp-content\/uploads\/2023\/06\/IMG-20230622-WA0007.jpg 600w\" sizes=\"(max-width: 576px) 100vw, 576px\" \/><\/figure>\n\n\n\n<figure class=\"wp-block-image size-large\"><img loading=\"lazy\" width=\"576\" height=\"1024\" data-id=\"2737\"  src=\"https:\/\/vsdorfstetten.ac.at\/wp-content\/uploads\/2023\/06\/IMG-20230622-WA0008-576x1024.jpg\" alt=\"\" class=\"wp-image-2737\" srcset=\"https:\/\/vsdorfstetten.ac.at\/wp-content\/uploads\/2023\/06\/IMG-20230622-WA0008-576x1024.jpg 576w, https:\/\/vsdorfstetten.ac.at\/wp-content\/uploads\/2023\/06\/IMG-20230622-WA0008-169x300.jpg 169w, https:\/\/vsdorfstetten.ac.at\/wp-content\/uploads\/2023\/06\/IMG-20230622-WA0008.jpg 600w\" sizes=\"(max-width: 576px) 100vw, 576px\" \/><\/figure>\n<\/figure>\n\n\n\n<figure class=\"wp-container-4 wp-block-gallery-3 wp-block-gallery has-nested-images columns-default is-cropped\">\n<figure class=\"wp-block-image size-large\"><img loading=\"lazy\" width=\"600\" height=\"337\" data-id=\"2739\"  src=\"https:\/\/vsdorfstetten.ac.at\/wp-content\/uploads\/2023\/06\/IMG-20230622-WA0000-1.jpg\" alt=\"\" class=\"wp-image-2739\" srcset=\"https:\/\/vsdorfstetten.ac.at\/wp-content\/uploads\/2023\/06\/IMG-20230622-WA0000-1.jpg 600w, https:\/\/vsdorfstetten.ac.at\/wp-content\/uploads\/2023\/06\/IMG-20230622-WA0000-1-300x169.jpg 300w\" sizes=\"(max-width: 600px) 100vw, 600px\" \/><\/figure>\n\n\n\n<figure class=\"wp-block-image size-large\"><img loading=\"lazy\" width=\"600\" height=\"337\" data-id=\"2740\"  src=\"https:\/\/vsdorfstetten.ac.at\/wp-content\/uploads\/2023\/06\/IMG-20230622-WA0013-1.jpg\" alt=\"\" class=\"wp-image-2740\" srcset=\"https:\/\/vsdorfstetten.ac.at\/wp-content\/uploads\/2023\/06\/IMG-20230622-WA0013-1.jpg 600w, https:\/\/vsdorfstetten.ac.at\/wp-content\/uploads\/2023\/06\/IMG-20230622-WA0013-1-300x169.jpg 300w\" sizes=\"(max-width: 600px) 100vw, 600px\" \/><\/figure>\n<\/figure>\n\n\n\n<figure class=\"wp-container-6 wp-block-gallery-5 wp-block-gallery has-nested-images columns-default is-cropped\">\n<figure class=\"wp-block-image size-large\"><img loading=\"lazy\" width=\"576\" height=\"1024\" data-id=\"2747\"  src=\"https:\/\/vsdorfstetten.ac.at\/wp-content\/uploads\/2023\/06\/IMG-20230622-WA0011-2-576x1024.jpg\" alt=\"\" class=\"wp-image-2747\" srcset=\"https:\/\/vsdorfstetten.ac.at\/wp-content\/uploads\/2023\/06\/IMG-20230622-WA0011-2-576x1024.jpg 576w, https:\/\/vsdorfstetten.ac.at\/wp-content\/uploads\/2023\/06\/IMG-20230622-WA0011-2-169x300.jpg 169w, https:\/\/vsdorfstetten.ac.at\/wp-content\/uploads\/2023\/06\/IMG-20230622-WA0011-2.jpg 600w\" sizes=\"(max-width: 576px) 100vw, 576px\" \/><\/figure>\n\n\n\n<figure class=\"wp-block-image size-large\"><img loading=\"lazy\" width=\"600\" height=\"337\" data-id=\"2745\"  src=\"https:\/\/vsdorfstetten.ac.at\/wp-content\/uploads\/2023\/06\/IMG-20230622-WA0014-2.jpg\" alt=\"\" class=\"wp-image-2745\" srcset=\"https:\/\/vsdorfstetten.ac.at\/wp-content\/uploads\/2023\/06\/IMG-20230622-WA0014-2.jpg 600w, https:\/\/vsdorfstetten.ac.at\/wp-content\/uploads\/2023\/06\/IMG-20230622-WA0014-2-300x169.jpg 300w\" sizes=\"(max-width: 600px) 100vw, 600px\" \/><\/figure>\n\n\n\n<figure class=\"wp-block-image size-large\"><img loading=\"lazy\" width=\"600\" height=\"337\" data-id=\"2746\"  src=\"https:\/\/vsdorfstetten.ac.at\/wp-content\/uploads\/2023\/06\/IMG-20230622-WA0016-3.jpg\" alt=\"\" class=\"wp-image-2746\" srcset=\"https:\/\/vsdorfstetten.ac.at\/wp-content\/uploads\/2023\/06\/IMG-20230622-WA0016-3.jpg 600w, https:\/\/vsdorfstetten.ac.at\/wp-content\/uploads\/2023\/06\/IMG-20230622-WA0016-3-300x169.jpg 300w\" sizes=\"(max-width: 600px) 100vw, 600px\" \/><\/figure>\n<\/figure>\n","protected":false},"excerpt":{"rendered":"<p>Am Donnerstag, den 22.06.2023 begr\u00fc\u00dften wir an unserer Schule die 6 neuen Schulanf\u00e4ngerinnen und Schulanf\u00e4nger aus dem Kindergarten. Gemeinsam mit &hellip; <\/p>\n","protected":false},"author":1,"featured_media":0,"comment_status":"closed","ping_status":"closed","sticky":false,"template":"","format":"standard","meta":[],"categories":[1],"tags":[],"_links":{"self":[{"href":"https:\/\/vsdorfstetten.ac.at\/index.php\/wp-json\/wp\/v2\/posts\/2729"}],"collection":[{"href":"https:\/\/vsdorfstetten.ac.at\/index.php\/wp-json\/wp\/v2\/posts"}],"about":[{"href":"https:\/\/vsdorfstetten.ac.at\/index.php\/wp-json\/wp\/v2\/types\/post"}],"author":[{"embeddable":true,"href":"https:\/\/vsdorfstetten.ac.at\/index.php\/wp-json\/wp\/v2\/users\/1"}],"replies":[{"embeddable":true,"href":"https:\/\/vsdorfstetten.ac.at\/index.php\/wp-json\/wp\/v2\/comments?post=2729"}],"version-history":[{"count":2,"href":"https:\/\/vsdorfstetten.ac.at\/index.php\/wp-json\/wp\/v2\/posts\/2729\/revisions"}],"predecessor-version":[{"id":2748,"href":"https:\/\/vsdorfstetten.ac.at\/index.php\/wp-json\/wp\/v2\/posts\/2729\/revisions\/2748"}],"wp:attachment":[{"href":"https:\/\/vsdorfstetten.ac.at\/index.php\/wp-json\/wp\/v2\/media?parent=2729"}],"wp:term":[{"taxonomy":"category","embeddable":true,"href":"https:\/\/vsdorfstetten.ac.at\/index.php\/wp-json\/wp\/v2\/categories?post=2729"},{"taxonomy":"post_tag","embeddable":true,"href":"https:\/\/vsdorfstetten.ac.at\/index.php\/wp-json\/wp\/v2\/tags?post=2729"}],"curies":[{"name":"wp","href":"https:\/\/api.w.org\/{rel}","templated":true}]}}