{"id":2749,"date":"2023-06-27T09:38:15","date_gmt":"2023-06-27T09:38:15","guid":{"rendered":"https:\/\/vsdorfstetten.ac.at\/?p=2749"},"modified":"2023-06-27T09:38:15","modified_gmt":"2023-06-27T09:38:15","slug":"zeichenwettbewerb-2","status":"publish","type":"post","link":"https:\/\/vsdorfstetten.ac.at\/index.php\/2023\/06\/27\/zeichenwettbewerb-2\/","title":{"rendered":"Zeichenwettbewerb"},"content":{"rendered":"\n<p>Am 27.06.2023 bekamen die Kinder der VS Dorfstetten die Ergebnisse des Raiffeisen-Zeichenwettbewerbs mitgeteilt. In jeder Klasse wurden die ersten drei Pl\u00e4tze pr\u00e4miert. Herzlichen Gl\u00fcckwunsch an die Sieger!<\/p>\n\n\n\n<p>Die Kinder der vierten Schulstufe erhielten nachtr\u00e4glich zur bestandenen Fahrradpr\u00fcfung ein Fahrradschloss. Herzlichen Dank daf\u00fcr!<\/p>\n\n\n\n<figure class=\"wp-container-2 wp-block-gallery-1 wp-block-gallery has-nested-images columns-default is-cropped\">\n<figure class=\"wp-block-image size-large\"><img loading=\"lazy\" width=\"500\" height=\"666\" data-id=\"2752\"  src=\"https:\/\/vsdorfstetten.ac.at\/wp-content\/uploads\/2023\/06\/IMG_20230627_080740.jpg\" alt=\"\" class=\"wp-image-2752\" srcset=\"https:\/\/vsdorfstetten.ac.at\/wp-content\/uploads\/2023\/06\/IMG_20230627_080740.jpg 500w, https:\/\/vsdorfstetten.ac.at\/wp-content\/uploads\/2023\/06\/IMG_20230627_080740-225x300.jpg 225w\" sizes=\"(max-width: 500px) 100vw, 500px\" \/><\/figure>\n\n\n\n<figure class=\"wp-block-image size-large\"><img loading=\"lazy\" width=\"600\" height=\"800\" data-id=\"2751\"  src=\"https:\/\/vsdorfstetten.ac.at\/wp-content\/uploads\/2023\/06\/IMG_20230627_080715.jpg\" alt=\"\" class=\"wp-image-2751\" srcset=\"https:\/\/vsdorfstetten.ac.at\/wp-content\/uploads\/2023\/06\/IMG_20230627_080715.jpg 600w, https:\/\/vsdorfstetten.ac.at\/wp-content\/uploads\/2023\/06\/IMG_20230627_080715-225x300.jpg 225w\" sizes=\"(max-width: 600px) 100vw, 600px\" \/><\/figure>\n<\/figure>\n\n\n<div class=\"wp-block-image\">\n<figure class=\"aligncenter size-full\"><img loading=\"lazy\" width=\"500\" height=\"375\" src=\"https:\/\/vsdorfstetten.ac.at\/wp-content\/uploads\/2023\/06\/IMG_20230627_080540-1.jpg\" alt=\"\" class=\"wp-image-2753\" srcset=\"https:\/\/vsdorfstetten.ac.at\/wp-content\/uploads\/2023\/06\/IMG_20230627_080540-1.jpg 500w, https:\/\/vsdorfstetten.ac.at\/wp-content\/uploads\/2023\/06\/IMG_20230627_080540-1-300x225.jpg 300w\" sizes=\"(max-width: 500px) 100vw, 500px\" \/><\/figure><\/div>","protected":false},"excerpt":{"rendered":"<p>Am 27.06.2023 bekamen die Kinder der VS Dorfstetten die Ergebnisse des Raiffeisen-Zeichenwettbewerbs mitgeteilt. In jeder Klasse wurden die ersten drei &hellip; <\/p>\n","protected":false},"author":1,"featured_media":0,"comment_status":"closed","ping_status":"closed","sticky":false,"template":"","format":"standard","meta":[],"categories":[1],"tags":[],"_links":{"self":[{"href":"https:\/\/vsdorfstetten.ac.at\/index.php\/wp-json\/wp\/v2\/posts\/2749"}],"collection":[{"href":"https:\/\/vsdorfstetten.ac.at\/index.php\/wp-json\/wp\/v2\/posts"}],"about":[{"href":"https:\/\/vsdorfstetten.ac.at\/index.php\/wp-json\/wp\/v2\/types\/post"}],"author":[{"embeddable":true,"href":"https:\/\/vsdorfstetten.ac.at\/index.php\/wp-json\/wp\/v2\/users\/1"}],"replies":[{"embeddable":true,"href":"https:\/\/vsdorfstetten.ac.at\/index.php\/wp-json\/wp\/v2\/comments?post=2749"}],"version-history":[{"count":1,"href":"https:\/\/vsdorfstetten.ac.at\/index.php\/wp-json\/wp\/v2\/posts\/2749\/revisions"}],"predecessor-version":[{"id":2754,"href":"https:\/\/vsdorfstetten.ac.at\/index.php\/wp-json\/wp\/v2\/posts\/2749\/revisions\/2754"}],"wp:attachment":[{"href":"https:\/\/vsdorfstetten.ac.at\/index.php\/wp-json\/wp\/v2\/media?parent=2749"}],"wp:term":[{"taxonomy":"category","embeddable":true,"href":"https:\/\/vsdorfstetten.ac.at\/index.php\/wp-json\/wp\/v2\/categories?post=2749"},{"taxonomy":"post_tag","embeddable":true,"href":"https:\/\/vsdorfstetten.ac.at\/index.php\/wp-json\/wp\/v2\/tags?post=2749"}],"curies":[{"name":"wp","href":"https:\/\/api.w.org\/{rel}","templated":true}]}}