{"id":2817,"date":"2023-09-22T11:54:04","date_gmt":"2023-09-22T11:54:04","guid":{"rendered":"https:\/\/vsdorfstetten.ac.at\/?p=2817"},"modified":"2023-09-22T11:54:04","modified_gmt":"2023-09-22T11:54:04","slug":"wandertag-3","status":"publish","type":"post","link":"https:\/\/vsdorfstetten.ac.at\/index.php\/2023\/09\/22\/wandertag-3\/","title":{"rendered":"Wandertag"},"content":{"rendered":"\n<p>Am Mittwoch, den <strong>20.09.2023<\/strong> fand unser Wandertag statt. Bei herrlichem Wetter erkundeten wir die wundersch\u00f6ne Dorfstettner Umgebung und wanderten &#8222;ins Winkl&#8220; zur <strong>Familie Renner<\/strong>. Sie begleiteten uns auf unserer Wanderung und verk\u00f6stigten uns sogar mit einer leckern, gesunden <strong>Jause<\/strong>. Als Nachspeise gab es Eis f\u00fcr alle. Vielen herzlichen Dank an dieser Stelle an Familie Renner f\u00fcr ihre Zeit und f\u00fcr die tolle Verk\u00f6stigung.<\/p>\n\n\n\n<p>Es war ein wundervoller Tag f\u00fcr alle.<\/p>\n\n\n\n<figure class=\"wp-container-2 wp-block-gallery-1 wp-block-gallery has-nested-images columns-default is-cropped\">\n<figure class=\"wp-block-image size-large\"><img loading=\"lazy\" width=\"700\" height=\"394\" data-id=\"2844\"  src=\"https:\/\/vsdorfstetten.ac.at\/wp-content\/uploads\/2023\/09\/IMG_20230920_075156-3.jpg\" alt=\"\" class=\"wp-image-2844\" srcset=\"https:\/\/vsdorfstetten.ac.at\/wp-content\/uploads\/2023\/09\/IMG_20230920_075156-3.jpg 700w, https:\/\/vsdorfstetten.ac.at\/wp-content\/uploads\/2023\/09\/IMG_20230920_075156-3-300x169.jpg 300w\" sizes=\"(max-width: 700px) 100vw, 700px\" \/><\/figure>\n\n\n\n<figure class=\"wp-block-image size-large\"><img loading=\"lazy\" width=\"600\" height=\"338\" data-id=\"2843\"  src=\"https:\/\/vsdorfstetten.ac.at\/wp-content\/uploads\/2023\/09\/IMG_20230920_084311-4.jpg\" alt=\"\" class=\"wp-image-2843\" srcset=\"https:\/\/vsdorfstetten.ac.at\/wp-content\/uploads\/2023\/09\/IMG_20230920_084311-4.jpg 600w, https:\/\/vsdorfstetten.ac.at\/wp-content\/uploads\/2023\/09\/IMG_20230920_084311-4-300x169.jpg 300w\" sizes=\"(max-width: 600px) 100vw, 600px\" \/><\/figure>\n<\/figure>\n\n\n\n<figure class=\"wp-container-4 wp-block-gallery-3 wp-block-gallery has-nested-images columns-default is-cropped\">\n<figure class=\"wp-block-image size-large\"><img loading=\"lazy\" width=\"600\" height=\"338\" data-id=\"2831\"  src=\"https:\/\/vsdorfstetten.ac.at\/wp-content\/uploads\/2023\/09\/IMG_20230920_090725-2.jpg\" alt=\"\" class=\"wp-image-2831\" srcset=\"https:\/\/vsdorfstetten.ac.at\/wp-content\/uploads\/2023\/09\/IMG_20230920_090725-2.jpg 600w, https:\/\/vsdorfstetten.ac.at\/wp-content\/uploads\/2023\/09\/IMG_20230920_090725-2-300x169.jpg 300w\" sizes=\"(max-width: 600px) 100vw, 600px\" \/><\/figure>\n\n\n\n<figure class=\"wp-block-image size-large\"><img loading=\"lazy\" width=\"600\" height=\"338\" data-id=\"2834\"  src=\"https:\/\/vsdorfstetten.ac.at\/wp-content\/uploads\/2023\/09\/IMG_20230920_092327-1.jpg\" alt=\"\" class=\"wp-image-2834\" srcset=\"https:\/\/vsdorfstetten.ac.at\/wp-content\/uploads\/2023\/09\/IMG_20230920_092327-1.jpg 600w, https:\/\/vsdorfstetten.ac.at\/wp-content\/uploads\/2023\/09\/IMG_20230920_092327-1-300x169.jpg 300w\" sizes=\"(max-width: 600px) 100vw, 600px\" \/><\/figure>\n\n\n\n<figure class=\"wp-block-image size-large\"><img loading=\"lazy\" width=\"600\" height=\"338\" data-id=\"2832\"  src=\"https:\/\/vsdorfstetten.ac.at\/wp-content\/uploads\/2023\/09\/IMG_20230920_092348-1.jpg\" alt=\"\" class=\"wp-image-2832\" srcset=\"https:\/\/vsdorfstetten.ac.at\/wp-content\/uploads\/2023\/09\/IMG_20230920_092348-1.jpg 600w, https:\/\/vsdorfstetten.ac.at\/wp-content\/uploads\/2023\/09\/IMG_20230920_092348-1-300x169.jpg 300w\" sizes=\"(max-width: 600px) 100vw, 600px\" \/><\/figure>\n\n\n\n<figure class=\"wp-block-image size-large\"><img loading=\"lazy\" width=\"600\" height=\"338\" data-id=\"2833\"  src=\"https:\/\/vsdorfstetten.ac.at\/wp-content\/uploads\/2023\/09\/IMG_20230920_094454-1.jpg\" alt=\"\" class=\"wp-image-2833\" srcset=\"https:\/\/vsdorfstetten.ac.at\/wp-content\/uploads\/2023\/09\/IMG_20230920_094454-1.jpg 600w, https:\/\/vsdorfstetten.ac.at\/wp-content\/uploads\/2023\/09\/IMG_20230920_094454-1-300x169.jpg 300w\" sizes=\"(max-width: 600px) 100vw, 600px\" \/><\/figure>\n\n\n\n<figure class=\"wp-block-image size-large\"><img loading=\"lazy\" width=\"600\" height=\"338\" data-id=\"2835\"  src=\"https:\/\/vsdorfstetten.ac.at\/wp-content\/uploads\/2023\/09\/IMG_20230920_102901-1.jpg\" alt=\"\" class=\"wp-image-2835\" srcset=\"https:\/\/vsdorfstetten.ac.at\/wp-content\/uploads\/2023\/09\/IMG_20230920_102901-1.jpg 600w, https:\/\/vsdorfstetten.ac.at\/wp-content\/uploads\/2023\/09\/IMG_20230920_102901-1-300x169.jpg 300w\" sizes=\"(max-width: 600px) 100vw, 600px\" \/><\/figure>\n\n\n\n<figure class=\"wp-block-image size-large\"><img loading=\"lazy\" width=\"600\" height=\"338\" data-id=\"2836\"  src=\"https:\/\/vsdorfstetten.ac.at\/wp-content\/uploads\/2023\/09\/IMG_20230920_103529_1-1.jpg\" alt=\"\" class=\"wp-image-2836\" srcset=\"https:\/\/vsdorfstetten.ac.at\/wp-content\/uploads\/2023\/09\/IMG_20230920_103529_1-1.jpg 600w, https:\/\/vsdorfstetten.ac.at\/wp-content\/uploads\/2023\/09\/IMG_20230920_103529_1-1-300x169.jpg 300w\" sizes=\"(max-width: 600px) 100vw, 600px\" \/><\/figure>\n<figcaption class=\"blocks-gallery-caption\"><br><\/figcaption><\/figure>\n","protected":false},"excerpt":{"rendered":"<p>Am Mittwoch, den 20.09.2023 fand unser Wandertag statt. Bei herrlichem Wetter erkundeten wir die wundersch\u00f6ne Dorfstettner Umgebung und wanderten &#8222;ins &hellip; <\/p>\n","protected":false},"author":1,"featured_media":0,"comment_status":"closed","ping_status":"closed","sticky":false,"template":"","format":"standard","meta":[],"categories":[1],"tags":[],"_links":{"self":[{"href":"https:\/\/vsdorfstetten.ac.at\/index.php\/wp-json\/wp\/v2\/posts\/2817"}],"collection":[{"href":"https:\/\/vsdorfstetten.ac.at\/index.php\/wp-json\/wp\/v2\/posts"}],"about":[{"href":"https:\/\/vsdorfstetten.ac.at\/index.php\/wp-json\/wp\/v2\/types\/post"}],"author":[{"embeddable":true,"href":"https:\/\/vsdorfstetten.ac.at\/index.php\/wp-json\/wp\/v2\/users\/1"}],"replies":[{"embeddable":true,"href":"https:\/\/vsdorfstetten.ac.at\/index.php\/wp-json\/wp\/v2\/comments?post=2817"}],"version-history":[{"count":1,"href":"https:\/\/vsdorfstetten.ac.at\/index.php\/wp-json\/wp\/v2\/posts\/2817\/revisions"}],"predecessor-version":[{"id":2845,"href":"https:\/\/vsdorfstetten.ac.at\/index.php\/wp-json\/wp\/v2\/posts\/2817\/revisions\/2845"}],"wp:attachment":[{"href":"https:\/\/vsdorfstetten.ac.at\/index.php\/wp-json\/wp\/v2\/media?parent=2817"}],"wp:term":[{"taxonomy":"category","embeddable":true,"href":"https:\/\/vsdorfstetten.ac.at\/index.php\/wp-json\/wp\/v2\/categories?post=2817"},{"taxonomy":"post_tag","embeddable":true,"href":"https:\/\/vsdorfstetten.ac.at\/index.php\/wp-json\/wp\/v2\/tags?post=2817"}],"curies":[{"name":"wp","href":"https:\/\/api.w.org\/{rel}","templated":true}]}}