{"id":2913,"date":"2023-10-16T19:17:29","date_gmt":"2023-10-16T19:17:29","guid":{"rendered":"https:\/\/vsdorfstetten.ac.at\/?p=2913"},"modified":"2023-10-16T19:17:29","modified_gmt":"2023-10-16T19:17:29","slug":"kinder-gesund-bewegen-3","status":"publish","type":"post","link":"https:\/\/vsdorfstetten.ac.at\/index.php\/2023\/10\/16\/kinder-gesund-bewegen-3\/","title":{"rendered":"Kinder gesund bewegen"},"content":{"rendered":"\n<p>Auch in diesem Jahr erhalten die Kinder im Zuge des Programms &#8222;Kinder gesund bewegen&#8220; wieder zus\u00e4tzliche Sportstunden. Diese werden von Daniela Jagsch abgehalten. Sie bietet den Kindern \u00fcber den normalen Unterricht hinaus motivierende \u00dcbungen und Spiele!<\/p>\n\n\n\n<figure class=\"wp-container-2 wp-block-gallery-1 wp-block-gallery has-nested-images columns-default is-cropped\">\n<figure class=\"wp-block-image size-large\"><img loading=\"lazy\" width=\"1024\" height=\"577\" data-id=\"2914\"  src=\"https:\/\/vsdorfstetten.ac.at\/wp-content\/uploads\/2023\/10\/IMG_20231011_082357-1024x577.jpg\" alt=\"\" class=\"wp-image-2914\" srcset=\"https:\/\/vsdorfstetten.ac.at\/wp-content\/uploads\/2023\/10\/IMG_20231011_082357-1024x577.jpg 1024w, https:\/\/vsdorfstetten.ac.at\/wp-content\/uploads\/2023\/10\/IMG_20231011_082357-300x169.jpg 300w, https:\/\/vsdorfstetten.ac.at\/wp-content\/uploads\/2023\/10\/IMG_20231011_082357-768x432.jpg 768w, https:\/\/vsdorfstetten.ac.at\/wp-content\/uploads\/2023\/10\/IMG_20231011_082357-1536x865.jpg 1536w, https:\/\/vsdorfstetten.ac.at\/wp-content\/uploads\/2023\/10\/IMG_20231011_082357.jpg 2000w\" sizes=\"(max-width: 1024px) 100vw, 1024px\" \/><\/figure>\n\n\n\n<figure class=\"wp-block-image size-large\"><img loading=\"lazy\" width=\"1024\" height=\"577\" data-id=\"2915\"  src=\"https:\/\/vsdorfstetten.ac.at\/wp-content\/uploads\/2023\/10\/IMG_20231011_082037-1024x577.jpg\" alt=\"\" class=\"wp-image-2915\" srcset=\"https:\/\/vsdorfstetten.ac.at\/wp-content\/uploads\/2023\/10\/IMG_20231011_082037-1024x577.jpg 1024w, https:\/\/vsdorfstetten.ac.at\/wp-content\/uploads\/2023\/10\/IMG_20231011_082037-300x169.jpg 300w, https:\/\/vsdorfstetten.ac.at\/wp-content\/uploads\/2023\/10\/IMG_20231011_082037-768x432.jpg 768w, https:\/\/vsdorfstetten.ac.at\/wp-content\/uploads\/2023\/10\/IMG_20231011_082037-1536x865.jpg 1536w, https:\/\/vsdorfstetten.ac.at\/wp-content\/uploads\/2023\/10\/IMG_20231011_082037.jpg 2000w\" sizes=\"(max-width: 1024px) 100vw, 1024px\" \/><\/figure>\n<\/figure>\n\n\n\n<figure class=\"wp-container-4 wp-block-gallery-3 wp-block-gallery has-nested-images columns-default is-cropped\">\n<figure class=\"wp-block-image size-large\"><img loading=\"lazy\" width=\"1024\" height=\"577\" data-id=\"2917\"  src=\"https:\/\/vsdorfstetten.ac.at\/wp-content\/uploads\/2023\/10\/IMG_20231011_081402-1024x577.jpg\" alt=\"\" class=\"wp-image-2917\" srcset=\"https:\/\/vsdorfstetten.ac.at\/wp-content\/uploads\/2023\/10\/IMG_20231011_081402-1024x577.jpg 1024w, https:\/\/vsdorfstetten.ac.at\/wp-content\/uploads\/2023\/10\/IMG_20231011_081402-300x169.jpg 300w, https:\/\/vsdorfstetten.ac.at\/wp-content\/uploads\/2023\/10\/IMG_20231011_081402-768x432.jpg 768w, https:\/\/vsdorfstetten.ac.at\/wp-content\/uploads\/2023\/10\/IMG_20231011_081402-1536x865.jpg 1536w, https:\/\/vsdorfstetten.ac.at\/wp-content\/uploads\/2023\/10\/IMG_20231011_081402.jpg 2000w\" sizes=\"(max-width: 1024px) 100vw, 1024px\" \/><\/figure>\n\n\n\n<figure class=\"wp-block-image size-large\"><img loading=\"lazy\" width=\"1024\" height=\"577\" data-id=\"2916\"  src=\"https:\/\/vsdorfstetten.ac.at\/wp-content\/uploads\/2023\/10\/IMG_20231011_075802-1024x577.jpg\" alt=\"\" class=\"wp-image-2916\" srcset=\"https:\/\/vsdorfstetten.ac.at\/wp-content\/uploads\/2023\/10\/IMG_20231011_075802-1024x577.jpg 1024w, https:\/\/vsdorfstetten.ac.at\/wp-content\/uploads\/2023\/10\/IMG_20231011_075802-300x169.jpg 300w, https:\/\/vsdorfstetten.ac.at\/wp-content\/uploads\/2023\/10\/IMG_20231011_075802-768x432.jpg 768w, https:\/\/vsdorfstetten.ac.at\/wp-content\/uploads\/2023\/10\/IMG_20231011_075802-1536x865.jpg 1536w, https:\/\/vsdorfstetten.ac.at\/wp-content\/uploads\/2023\/10\/IMG_20231011_075802.jpg 2000w\" sizes=\"(max-width: 1024px) 100vw, 1024px\" \/><\/figure>\n<\/figure>\n","protected":false},"excerpt":{"rendered":"<p>Auch in diesem Jahr erhalten die Kinder im Zuge des Programms &#8222;Kinder gesund bewegen&#8220; wieder zus\u00e4tzliche Sportstunden. Diese werden von &hellip; <\/p>\n","protected":false},"author":1,"featured_media":0,"comment_status":"closed","ping_status":"closed","sticky":false,"template":"","format":"standard","meta":[],"categories":[1],"tags":[],"_links":{"self":[{"href":"https:\/\/vsdorfstetten.ac.at\/index.php\/wp-json\/wp\/v2\/posts\/2913"}],"collection":[{"href":"https:\/\/vsdorfstetten.ac.at\/index.php\/wp-json\/wp\/v2\/posts"}],"about":[{"href":"https:\/\/vsdorfstetten.ac.at\/index.php\/wp-json\/wp\/v2\/types\/post"}],"author":[{"embeddable":true,"href":"https:\/\/vsdorfstetten.ac.at\/index.php\/wp-json\/wp\/v2\/users\/1"}],"replies":[{"embeddable":true,"href":"https:\/\/vsdorfstetten.ac.at\/index.php\/wp-json\/wp\/v2\/comments?post=2913"}],"version-history":[{"count":1,"href":"https:\/\/vsdorfstetten.ac.at\/index.php\/wp-json\/wp\/v2\/posts\/2913\/revisions"}],"predecessor-version":[{"id":2918,"href":"https:\/\/vsdorfstetten.ac.at\/index.php\/wp-json\/wp\/v2\/posts\/2913\/revisions\/2918"}],"wp:attachment":[{"href":"https:\/\/vsdorfstetten.ac.at\/index.php\/wp-json\/wp\/v2\/media?parent=2913"}],"wp:term":[{"taxonomy":"category","embeddable":true,"href":"https:\/\/vsdorfstetten.ac.at\/index.php\/wp-json\/wp\/v2\/categories?post=2913"},{"taxonomy":"post_tag","embeddable":true,"href":"https:\/\/vsdorfstetten.ac.at\/index.php\/wp-json\/wp\/v2\/tags?post=2913"}],"curies":[{"name":"wp","href":"https:\/\/api.w.org\/{rel}","templated":true}]}}