{"id":2923,"date":"2023-10-23T15:07:02","date_gmt":"2023-10-23T15:07:02","guid":{"rendered":"https:\/\/vsdorfstetten.ac.at\/?p=2923"},"modified":"2023-10-23T15:07:02","modified_gmt":"2023-10-23T15:07:02","slug":"sprachheilunterricht-inklusiv","status":"publish","type":"post","link":"https:\/\/vsdorfstetten.ac.at\/index.php\/2023\/10\/23\/sprachheilunterricht-inklusiv\/","title":{"rendered":"Sprachheilunterricht inklusiv"},"content":{"rendered":"\n<p>Im Zuge des Sprachheilunterrichts, welcher nicht nur im Einzelsetting, sondern auch inklusiv mit der ganzen Klasse stattfinden kann, \u00fcbernimmt die f\u00fcr unsere Schule zust\u00e4ndige Sprachheillehrerin Ingrid Wagner-Karner einzelne Unterrichtsstunden in Deutsch in der ersten Schulstufe. Gef\u00f6rdert werden in diesen Einheiten speziell die K\u00f6rperwahrnehmung, die Mundmotorik und das Sprechen nach bestimmten Sprechmustern.<\/p>\n\n\n\n<figure class=\"wp-container-2 wp-block-gallery-1 wp-block-gallery has-nested-images columns-default is-cropped\">\n<figure class=\"wp-block-image size-large\"><img loading=\"lazy\" width=\"1024\" height=\"577\" data-id=\"2924\"  src=\"https:\/\/vsdorfstetten.ac.at\/wp-content\/uploads\/2023\/10\/IMG_20231012_081942-1024x577.jpg\" alt=\"\" class=\"wp-image-2924\" srcset=\"https:\/\/vsdorfstetten.ac.at\/wp-content\/uploads\/2023\/10\/IMG_20231012_081942-1024x577.jpg 1024w, https:\/\/vsdorfstetten.ac.at\/wp-content\/uploads\/2023\/10\/IMG_20231012_081942-300x169.jpg 300w, https:\/\/vsdorfstetten.ac.at\/wp-content\/uploads\/2023\/10\/IMG_20231012_081942-768x432.jpg 768w, https:\/\/vsdorfstetten.ac.at\/wp-content\/uploads\/2023\/10\/IMG_20231012_081942-1536x865.jpg 1536w, https:\/\/vsdorfstetten.ac.at\/wp-content\/uploads\/2023\/10\/IMG_20231012_081942.jpg 2000w\" sizes=\"(max-width: 1024px) 100vw, 1024px\" \/><\/figure>\n\n\n\n<figure class=\"wp-block-image size-large\"><img loading=\"lazy\" width=\"1024\" height=\"577\" data-id=\"2925\"  src=\"https:\/\/vsdorfstetten.ac.at\/wp-content\/uploads\/2023\/10\/IMG_20230928_082219-1024x577.jpg\" alt=\"\" class=\"wp-image-2925\" srcset=\"https:\/\/vsdorfstetten.ac.at\/wp-content\/uploads\/2023\/10\/IMG_20230928_082219-1024x577.jpg 1024w, https:\/\/vsdorfstetten.ac.at\/wp-content\/uploads\/2023\/10\/IMG_20230928_082219-300x169.jpg 300w, https:\/\/vsdorfstetten.ac.at\/wp-content\/uploads\/2023\/10\/IMG_20230928_082219-768x432.jpg 768w, https:\/\/vsdorfstetten.ac.at\/wp-content\/uploads\/2023\/10\/IMG_20230928_082219-1536x865.jpg 1536w, https:\/\/vsdorfstetten.ac.at\/wp-content\/uploads\/2023\/10\/IMG_20230928_082219.jpg 2000w\" sizes=\"(max-width: 1024px) 100vw, 1024px\" \/><\/figure>\n\n\n\n<figure class=\"wp-block-image size-large\"><img loading=\"lazy\" width=\"1024\" height=\"577\" data-id=\"2927\"  src=\"https:\/\/vsdorfstetten.ac.at\/wp-content\/uploads\/2023\/10\/IMG_20230928_080629-1024x577.jpg\" alt=\"\" class=\"wp-image-2927\" srcset=\"https:\/\/vsdorfstetten.ac.at\/wp-content\/uploads\/2023\/10\/IMG_20230928_080629-1024x577.jpg 1024w, https:\/\/vsdorfstetten.ac.at\/wp-content\/uploads\/2023\/10\/IMG_20230928_080629-300x169.jpg 300w, https:\/\/vsdorfstetten.ac.at\/wp-content\/uploads\/2023\/10\/IMG_20230928_080629-768x432.jpg 768w, https:\/\/vsdorfstetten.ac.at\/wp-content\/uploads\/2023\/10\/IMG_20230928_080629-1536x865.jpg 1536w, https:\/\/vsdorfstetten.ac.at\/wp-content\/uploads\/2023\/10\/IMG_20230928_080629.jpg 2000w\" sizes=\"(max-width: 1024px) 100vw, 1024px\" \/><\/figure>\n\n\n\n<figure class=\"wp-block-image size-large\"><img loading=\"lazy\" width=\"1024\" height=\"577\" data-id=\"2928\"  src=\"https:\/\/vsdorfstetten.ac.at\/wp-content\/uploads\/2023\/10\/IMG_20230928_080123-1024x577.jpg\" alt=\"\" class=\"wp-image-2928\" srcset=\"https:\/\/vsdorfstetten.ac.at\/wp-content\/uploads\/2023\/10\/IMG_20230928_080123-1024x577.jpg 1024w, https:\/\/vsdorfstetten.ac.at\/wp-content\/uploads\/2023\/10\/IMG_20230928_080123-300x169.jpg 300w, https:\/\/vsdorfstetten.ac.at\/wp-content\/uploads\/2023\/10\/IMG_20230928_080123-768x432.jpg 768w, https:\/\/vsdorfstetten.ac.at\/wp-content\/uploads\/2023\/10\/IMG_20230928_080123-1536x865.jpg 1536w, https:\/\/vsdorfstetten.ac.at\/wp-content\/uploads\/2023\/10\/IMG_20230928_080123.jpg 2000w\" sizes=\"(max-width: 1024px) 100vw, 1024px\" \/><\/figure>\n\n\n\n<figure class=\"wp-block-image size-large\"><img loading=\"lazy\" width=\"1024\" height=\"577\" data-id=\"2929\"  src=\"https:\/\/vsdorfstetten.ac.at\/wp-content\/uploads\/2023\/10\/IMG_20230928_075847-1024x577.jpg\" alt=\"\" class=\"wp-image-2929\" srcset=\"https:\/\/vsdorfstetten.ac.at\/wp-content\/uploads\/2023\/10\/IMG_20230928_075847-1024x577.jpg 1024w, https:\/\/vsdorfstetten.ac.at\/wp-content\/uploads\/2023\/10\/IMG_20230928_075847-300x169.jpg 300w, https:\/\/vsdorfstetten.ac.at\/wp-content\/uploads\/2023\/10\/IMG_20230928_075847-768x432.jpg 768w, https:\/\/vsdorfstetten.ac.at\/wp-content\/uploads\/2023\/10\/IMG_20230928_075847-1536x865.jpg 1536w, https:\/\/vsdorfstetten.ac.at\/wp-content\/uploads\/2023\/10\/IMG_20230928_075847.jpg 2000w\" sizes=\"(max-width: 1024px) 100vw, 1024px\" \/><\/figure>\n\n\n\n<figure class=\"wp-block-image size-large\"><img loading=\"lazy\" width=\"1024\" height=\"577\" data-id=\"2926\"  src=\"https:\/\/vsdorfstetten.ac.at\/wp-content\/uploads\/2023\/10\/IMG_20230928_075745-1024x577.jpg\" alt=\"\" class=\"wp-image-2926\" srcset=\"https:\/\/vsdorfstetten.ac.at\/wp-content\/uploads\/2023\/10\/IMG_20230928_075745-1024x577.jpg 1024w, https:\/\/vsdorfstetten.ac.at\/wp-content\/uploads\/2023\/10\/IMG_20230928_075745-300x169.jpg 300w, https:\/\/vsdorfstetten.ac.at\/wp-content\/uploads\/2023\/10\/IMG_20230928_075745-768x432.jpg 768w, https:\/\/vsdorfstetten.ac.at\/wp-content\/uploads\/2023\/10\/IMG_20230928_075745-1536x865.jpg 1536w, https:\/\/vsdorfstetten.ac.at\/wp-content\/uploads\/2023\/10\/IMG_20230928_075745.jpg 2000w\" sizes=\"(max-width: 1024px) 100vw, 1024px\" \/><\/figure>\n\n\n\n<figure class=\"wp-block-image size-large\"><img loading=\"lazy\" width=\"1024\" height=\"577\" data-id=\"2930\"  src=\"https:\/\/vsdorfstetten.ac.at\/wp-content\/uploads\/2023\/10\/IMG_20231012_080508-1024x577.jpg\" alt=\"\" class=\"wp-image-2930\" srcset=\"https:\/\/vsdorfstetten.ac.at\/wp-content\/uploads\/2023\/10\/IMG_20231012_080508-1024x577.jpg 1024w, https:\/\/vsdorfstetten.ac.at\/wp-content\/uploads\/2023\/10\/IMG_20231012_080508-300x169.jpg 300w, https:\/\/vsdorfstetten.ac.at\/wp-content\/uploads\/2023\/10\/IMG_20231012_080508-768x432.jpg 768w, https:\/\/vsdorfstetten.ac.at\/wp-content\/uploads\/2023\/10\/IMG_20231012_080508-1536x865.jpg 1536w, https:\/\/vsdorfstetten.ac.at\/wp-content\/uploads\/2023\/10\/IMG_20231012_080508.jpg 2000w\" sizes=\"(max-width: 1024px) 100vw, 1024px\" \/><\/figure>\n<\/figure>\n","protected":false},"excerpt":{"rendered":"<p>Im Zuge des Sprachheilunterrichts, welcher nicht nur im Einzelsetting, sondern auch inklusiv mit der ganzen Klasse stattfinden kann, \u00fcbernimmt die &hellip; <\/p>\n","protected":false},"author":1,"featured_media":0,"comment_status":"closed","ping_status":"closed","sticky":false,"template":"","format":"standard","meta":[],"categories":[1],"tags":[],"_links":{"self":[{"href":"https:\/\/vsdorfstetten.ac.at\/index.php\/wp-json\/wp\/v2\/posts\/2923"}],"collection":[{"href":"https:\/\/vsdorfstetten.ac.at\/index.php\/wp-json\/wp\/v2\/posts"}],"about":[{"href":"https:\/\/vsdorfstetten.ac.at\/index.php\/wp-json\/wp\/v2\/types\/post"}],"author":[{"embeddable":true,"href":"https:\/\/vsdorfstetten.ac.at\/index.php\/wp-json\/wp\/v2\/users\/1"}],"replies":[{"embeddable":true,"href":"https:\/\/vsdorfstetten.ac.at\/index.php\/wp-json\/wp\/v2\/comments?post=2923"}],"version-history":[{"count":1,"href":"https:\/\/vsdorfstetten.ac.at\/index.php\/wp-json\/wp\/v2\/posts\/2923\/revisions"}],"predecessor-version":[{"id":2931,"href":"https:\/\/vsdorfstetten.ac.at\/index.php\/wp-json\/wp\/v2\/posts\/2923\/revisions\/2931"}],"wp:attachment":[{"href":"https:\/\/vsdorfstetten.ac.at\/index.php\/wp-json\/wp\/v2\/media?parent=2923"}],"wp:term":[{"taxonomy":"category","embeddable":true,"href":"https:\/\/vsdorfstetten.ac.at\/index.php\/wp-json\/wp\/v2\/categories?post=2923"},{"taxonomy":"post_tag","embeddable":true,"href":"https:\/\/vsdorfstetten.ac.at\/index.php\/wp-json\/wp\/v2\/tags?post=2923"}],"curies":[{"name":"wp","href":"https:\/\/api.w.org\/{rel}","templated":true}]}}