{"id":3067,"date":"2023-11-09T10:11:08","date_gmt":"2023-11-09T10:11:08","guid":{"rendered":"https:\/\/vsdorfstetten.ac.at\/?p=3067"},"modified":"2023-11-09T10:27:44","modified_gmt":"2023-11-09T10:27:44","slug":"verkehrserziehung-2","status":"publish","type":"post","link":"https:\/\/vsdorfstetten.ac.at\/index.php\/2023\/11\/09\/verkehrserziehung-2\/","title":{"rendered":"Verkehrserziehung"},"content":{"rendered":"\n<p>In diesem Schuljahr wurden die Sch\u00fcler und Sch\u00fclerinnen der VS Dorfstetten durch die <strong>Exekutive <\/strong>zum Thema &#8222;<strong>Sicheres Verhalten im Stra\u00dfenverkehr<\/strong>&#8220; unterrichtet. Es ist sehr wichtig, dass diese Aktion seitens der Polizei durchgef\u00fchrt wird, da die <strong>Sicherheit im Stra\u00dfenverkehr<\/strong> von <strong>gro\u00dfer Bedeutung<\/strong> ist. <\/p>\n\n\n\n<figure class=\"wp-container-2 wp-block-gallery-1 wp-block-gallery has-nested-images columns-default is-cropped\">\n<figure class=\"wp-block-image size-large\"><img loading=\"lazy\" width=\"600\" height=\"450\" data-id=\"3071\"  src=\"https:\/\/vsdorfstetten.ac.at\/wp-content\/uploads\/2023\/11\/IMG_20231107_091411.jpg\" alt=\"\" class=\"wp-image-3071\" srcset=\"https:\/\/vsdorfstetten.ac.at\/wp-content\/uploads\/2023\/11\/IMG_20231107_091411.jpg 600w, https:\/\/vsdorfstetten.ac.at\/wp-content\/uploads\/2023\/11\/IMG_20231107_091411-300x225.jpg 300w\" sizes=\"(max-width: 600px) 100vw, 600px\" \/><\/figure>\n\n\n\n<figure class=\"wp-block-image size-large\"><img loading=\"lazy\" width=\"600\" height=\"800\" data-id=\"3070\"  src=\"https:\/\/vsdorfstetten.ac.at\/wp-content\/uploads\/2023\/11\/IMG_20231107_091507.jpg\" alt=\"\" class=\"wp-image-3070\" srcset=\"https:\/\/vsdorfstetten.ac.at\/wp-content\/uploads\/2023\/11\/IMG_20231107_091507.jpg 600w, https:\/\/vsdorfstetten.ac.at\/wp-content\/uploads\/2023\/11\/IMG_20231107_091507-225x300.jpg 225w\" sizes=\"(max-width: 600px) 100vw, 600px\" \/><\/figure>\n\n\n\n<figure class=\"wp-block-image size-large\"><img loading=\"lazy\" width=\"600\" height=\"800\" data-id=\"3069\"  src=\"https:\/\/vsdorfstetten.ac.at\/wp-content\/uploads\/2023\/11\/IMG_20231107_092217.jpg\" alt=\"\" class=\"wp-image-3069\" srcset=\"https:\/\/vsdorfstetten.ac.at\/wp-content\/uploads\/2023\/11\/IMG_20231107_092217.jpg 600w, https:\/\/vsdorfstetten.ac.at\/wp-content\/uploads\/2023\/11\/IMG_20231107_092217-225x300.jpg 225w\" sizes=\"(max-width: 600px) 100vw, 600px\" \/><\/figure>\n<\/figure>\n\n\n\n<figure class=\"wp-container-4 wp-block-gallery-3 wp-block-gallery has-nested-images columns-default is-cropped\">\n<figure class=\"wp-block-image size-large\"><img loading=\"lazy\" width=\"600\" height=\"450\" data-id=\"3074\"  src=\"https:\/\/vsdorfstetten.ac.at\/wp-content\/uploads\/2023\/11\/IMG_20231107_084010-1.jpg\" alt=\"\" class=\"wp-image-3074\" srcset=\"https:\/\/vsdorfstetten.ac.at\/wp-content\/uploads\/2023\/11\/IMG_20231107_084010-1.jpg 600w, https:\/\/vsdorfstetten.ac.at\/wp-content\/uploads\/2023\/11\/IMG_20231107_084010-1-300x225.jpg 300w\" sizes=\"(max-width: 600px) 100vw, 600px\" \/><\/figure>\n\n\n\n<figure class=\"wp-block-image size-large\"><img loading=\"lazy\" width=\"800\" height=\"600\" data-id=\"3075\"  src=\"https:\/\/vsdorfstetten.ac.at\/wp-content\/uploads\/2023\/11\/IMG_20231107_092410.jpg\" alt=\"\" class=\"wp-image-3075\" srcset=\"https:\/\/vsdorfstetten.ac.at\/wp-content\/uploads\/2023\/11\/IMG_20231107_092410.jpg 800w, https:\/\/vsdorfstetten.ac.at\/wp-content\/uploads\/2023\/11\/IMG_20231107_092410-300x225.jpg 300w, https:\/\/vsdorfstetten.ac.at\/wp-content\/uploads\/2023\/11\/IMG_20231107_092410-768x576.jpg 768w\" sizes=\"(max-width: 800px) 100vw, 800px\" \/><\/figure>\n<\/figure>\n","protected":false},"excerpt":{"rendered":"<p>In diesem Schuljahr wurden die Sch\u00fcler und Sch\u00fclerinnen der VS Dorfstetten durch die Exekutive zum Thema &#8222;Sicheres Verhalten im Stra\u00dfenverkehr&#8220; &hellip; <\/p>\n","protected":false},"author":1,"featured_media":0,"comment_status":"closed","ping_status":"closed","sticky":false,"template":"","format":"standard","meta":[],"categories":[1],"tags":[],"_links":{"self":[{"href":"https:\/\/vsdorfstetten.ac.at\/index.php\/wp-json\/wp\/v2\/posts\/3067"}],"collection":[{"href":"https:\/\/vsdorfstetten.ac.at\/index.php\/wp-json\/wp\/v2\/posts"}],"about":[{"href":"https:\/\/vsdorfstetten.ac.at\/index.php\/wp-json\/wp\/v2\/types\/post"}],"author":[{"embeddable":true,"href":"https:\/\/vsdorfstetten.ac.at\/index.php\/wp-json\/wp\/v2\/users\/1"}],"replies":[{"embeddable":true,"href":"https:\/\/vsdorfstetten.ac.at\/index.php\/wp-json\/wp\/v2\/comments?post=3067"}],"version-history":[{"count":2,"href":"https:\/\/vsdorfstetten.ac.at\/index.php\/wp-json\/wp\/v2\/posts\/3067\/revisions"}],"predecessor-version":[{"id":3081,"href":"https:\/\/vsdorfstetten.ac.at\/index.php\/wp-json\/wp\/v2\/posts\/3067\/revisions\/3081"}],"wp:attachment":[{"href":"https:\/\/vsdorfstetten.ac.at\/index.php\/wp-json\/wp\/v2\/media?parent=3067"}],"wp:term":[{"taxonomy":"category","embeddable":true,"href":"https:\/\/vsdorfstetten.ac.at\/index.php\/wp-json\/wp\/v2\/categories?post=3067"},{"taxonomy":"post_tag","embeddable":true,"href":"https:\/\/vsdorfstetten.ac.at\/index.php\/wp-json\/wp\/v2\/tags?post=3067"}],"curies":[{"name":"wp","href":"https:\/\/api.w.org\/{rel}","templated":true}]}}