{"id":3144,"date":"2023-12-19T15:06:00","date_gmt":"2023-12-19T15:06:00","guid":{"rendered":"https:\/\/vsdorfstetten.ac.at\/?p=3144"},"modified":"2023-12-21T10:14:44","modified_gmt":"2023-12-21T10:14:44","slug":"theater-bethlehem","status":"publish","type":"post","link":"https:\/\/vsdorfstetten.ac.at\/index.php\/2023\/12\/19\/theater-bethlehem\/","title":{"rendered":"Theater &#8222;Bethlehem&#8220;"},"content":{"rendered":"\n<p>Am 19. Dezember fuhren die Kinder der Volksschule Dorfstetten in die Volksschule Yspertal. Dort schauten wir ein weihnachtliches Musiktheaterst\u00fcck des &#8222;Team Sieberer&#8220; an. Das St\u00fcck hie\u00df &#8222;Bethlehem&#8220; und erz\u00e4hlte eine Alltagsgeschichte \u00fcber eine Familie, die sich auf Weihnachten vorbereitet. Die Kinder wurden einbezogen, durften mitsingen und das Fazit war- sie waren begeistert!<\/p>\n\n\n\n<p>Danke an die Eltern, die unsere Schulkinder nach Ysper brachten!<\/p>\n\n\n\n<figure class=\"wp-container-2 wp-block-gallery-1 wp-block-gallery has-nested-images columns-default is-cropped\">\n<figure class=\"wp-block-image size-large\"><img loading=\"lazy\" width=\"400\" height=\"300\" data-id=\"3166\"  src=\"https:\/\/vsdorfstetten.ac.at\/wp-content\/uploads\/2023\/12\/IMG_20231219_100141.jpg\" alt=\"\" class=\"wp-image-3166\" srcset=\"https:\/\/vsdorfstetten.ac.at\/wp-content\/uploads\/2023\/12\/IMG_20231219_100141.jpg 400w, https:\/\/vsdorfstetten.ac.at\/wp-content\/uploads\/2023\/12\/IMG_20231219_100141-300x225.jpg 300w\" sizes=\"(max-width: 400px) 100vw, 400px\" \/><\/figure>\n\n\n\n<figure class=\"wp-block-image size-large\"><img loading=\"lazy\" width=\"400\" height=\"300\" data-id=\"3167\"  src=\"https:\/\/vsdorfstetten.ac.at\/wp-content\/uploads\/2023\/12\/IMG_20231219_101810.jpg\" alt=\"\" class=\"wp-image-3167\" srcset=\"https:\/\/vsdorfstetten.ac.at\/wp-content\/uploads\/2023\/12\/IMG_20231219_101810.jpg 400w, https:\/\/vsdorfstetten.ac.at\/wp-content\/uploads\/2023\/12\/IMG_20231219_101810-300x225.jpg 300w\" sizes=\"(max-width: 400px) 100vw, 400px\" \/><\/figure>\n<\/figure>\n\n\n\n<figure class=\"wp-container-4 wp-block-gallery-3 wp-block-gallery has-nested-images columns-default is-cropped\">\n<figure class=\"wp-block-image size-large\"><img loading=\"lazy\" width=\"400\" height=\"300\" data-id=\"3169\"  src=\"https:\/\/vsdorfstetten.ac.at\/wp-content\/uploads\/2023\/12\/IMG_20231219_104623.jpg\" alt=\"\" class=\"wp-image-3169\" srcset=\"https:\/\/vsdorfstetten.ac.at\/wp-content\/uploads\/2023\/12\/IMG_20231219_104623.jpg 400w, https:\/\/vsdorfstetten.ac.at\/wp-content\/uploads\/2023\/12\/IMG_20231219_104623-300x225.jpg 300w\" sizes=\"(max-width: 400px) 100vw, 400px\" \/><\/figure>\n\n\n\n<figure class=\"wp-block-image size-large\"><img loading=\"lazy\" width=\"400\" height=\"300\" data-id=\"3168\"  src=\"https:\/\/vsdorfstetten.ac.at\/wp-content\/uploads\/2023\/12\/IMG_20231219_104129.jpg\" alt=\"\" class=\"wp-image-3168\" srcset=\"https:\/\/vsdorfstetten.ac.at\/wp-content\/uploads\/2023\/12\/IMG_20231219_104129.jpg 400w, https:\/\/vsdorfstetten.ac.at\/wp-content\/uploads\/2023\/12\/IMG_20231219_104129-300x225.jpg 300w\" sizes=\"(max-width: 400px) 100vw, 400px\" \/><\/figure>\n<\/figure>\n","protected":false},"excerpt":{"rendered":"<p>Am 19. Dezember fuhren die Kinder der Volksschule Dorfstetten in die Volksschule Yspertal. Dort schauten wir ein weihnachtliches Musiktheaterst\u00fcck des &hellip; <\/p>\n","protected":false},"author":1,"featured_media":0,"comment_status":"closed","ping_status":"closed","sticky":false,"template":"","format":"standard","meta":[],"categories":[1],"tags":[],"_links":{"self":[{"href":"https:\/\/vsdorfstetten.ac.at\/index.php\/wp-json\/wp\/v2\/posts\/3144"}],"collection":[{"href":"https:\/\/vsdorfstetten.ac.at\/index.php\/wp-json\/wp\/v2\/posts"}],"about":[{"href":"https:\/\/vsdorfstetten.ac.at\/index.php\/wp-json\/wp\/v2\/types\/post"}],"author":[{"embeddable":true,"href":"https:\/\/vsdorfstetten.ac.at\/index.php\/wp-json\/wp\/v2\/users\/1"}],"replies":[{"embeddable":true,"href":"https:\/\/vsdorfstetten.ac.at\/index.php\/wp-json\/wp\/v2\/comments?post=3144"}],"version-history":[{"count":2,"href":"https:\/\/vsdorfstetten.ac.at\/index.php\/wp-json\/wp\/v2\/posts\/3144\/revisions"}],"predecessor-version":[{"id":3170,"href":"https:\/\/vsdorfstetten.ac.at\/index.php\/wp-json\/wp\/v2\/posts\/3144\/revisions\/3170"}],"wp:attachment":[{"href":"https:\/\/vsdorfstetten.ac.at\/index.php\/wp-json\/wp\/v2\/media?parent=3144"}],"wp:term":[{"taxonomy":"category","embeddable":true,"href":"https:\/\/vsdorfstetten.ac.at\/index.php\/wp-json\/wp\/v2\/categories?post=3144"},{"taxonomy":"post_tag","embeddable":true,"href":"https:\/\/vsdorfstetten.ac.at\/index.php\/wp-json\/wp\/v2\/tags?post=3144"}],"curies":[{"name":"wp","href":"https:\/\/api.w.org\/{rel}","templated":true}]}}