{"id":3148,"date":"2023-12-20T15:23:00","date_gmt":"2023-12-20T15:23:00","guid":{"rendered":"https:\/\/vsdorfstetten.ac.at\/?p=3148"},"modified":"2023-12-21T10:08:35","modified_gmt":"2023-12-21T10:08:35","slug":"vorweihnachtliches-fruehstueck","status":"publish","type":"post","link":"https:\/\/vsdorfstetten.ac.at\/index.php\/2023\/12\/20\/vorweihnachtliches-fruehstueck\/","title":{"rendered":"Vorweihnachtliches Fr\u00fchst\u00fcck"},"content":{"rendered":"\n<p>Am 20.Dezember fand um 7:45 Uhr der Weihnachtsgottesdienst mit Herrn Dechant Gr\u00fclnberger statt. Die Kinder umrahmten den Gottesdienst musikalisch mit Weihnachtsliedern und im Anschluss nahm Herr Dechant Gr\u00fclnberger die Beichte der Sch\u00fcler und Sch\u00fclerinnen der 3. und 4. Schulstufe ab. <\/p>\n\n\n\n<p>Danach wurden die Kinder der VS Dorfstetten zu einem Fr\u00fchst\u00fcck ins Pfarrheim eingeladen. Herzlichen Dank an die Frauen der Frauenbewegung! <\/p>\n\n\n\n<figure class=\"wp-container-2 wp-block-gallery-1 wp-block-gallery has-nested-images columns-default is-cropped\">\n<figure class=\"wp-block-image size-large\"><img loading=\"lazy\" width=\"400\" height=\"300\" data-id=\"3150\"  src=\"https:\/\/vsdorfstetten.ac.at\/wp-content\/uploads\/2023\/12\/IMG_20231220_083653.jpg\" alt=\"\" class=\"wp-image-3150\" srcset=\"https:\/\/vsdorfstetten.ac.at\/wp-content\/uploads\/2023\/12\/IMG_20231220_083653.jpg 400w, https:\/\/vsdorfstetten.ac.at\/wp-content\/uploads\/2023\/12\/IMG_20231220_083653-300x225.jpg 300w\" sizes=\"(max-width: 400px) 100vw, 400px\" \/><\/figure>\n\n\n\n<figure class=\"wp-block-image size-large\"><img loading=\"lazy\" width=\"400\" height=\"300\" data-id=\"3151\"  src=\"https:\/\/vsdorfstetten.ac.at\/wp-content\/uploads\/2023\/12\/IMG_20231220_083711__01.jpg\" alt=\"\" class=\"wp-image-3151\" srcset=\"https:\/\/vsdorfstetten.ac.at\/wp-content\/uploads\/2023\/12\/IMG_20231220_083711__01.jpg 400w, https:\/\/vsdorfstetten.ac.at\/wp-content\/uploads\/2023\/12\/IMG_20231220_083711__01-300x225.jpg 300w\" sizes=\"(max-width: 400px) 100vw, 400px\" \/><\/figure>\n<\/figure>\n\n\n\n<figure class=\"wp-container-4 wp-block-gallery-3 wp-block-gallery has-nested-images columns-default is-cropped\">\n<figure class=\"wp-block-image size-large\"><img loading=\"lazy\" width=\"400\" height=\"300\" data-id=\"3154\"  src=\"https:\/\/vsdorfstetten.ac.at\/wp-content\/uploads\/2023\/12\/IMG_20231220_085418-1.jpg\" alt=\"\" class=\"wp-image-3154\" srcset=\"https:\/\/vsdorfstetten.ac.at\/wp-content\/uploads\/2023\/12\/IMG_20231220_085418-1.jpg 400w, https:\/\/vsdorfstetten.ac.at\/wp-content\/uploads\/2023\/12\/IMG_20231220_085418-1-300x225.jpg 300w\" sizes=\"(max-width: 400px) 100vw, 400px\" \/><\/figure>\n\n\n\n<figure class=\"wp-block-image size-large\"><img loading=\"lazy\" width=\"400\" height=\"300\" data-id=\"3155\"  src=\"https:\/\/vsdorfstetten.ac.at\/wp-content\/uploads\/2023\/12\/IMG_20231220_085426-1.jpg\" alt=\"\" class=\"wp-image-3155\" srcset=\"https:\/\/vsdorfstetten.ac.at\/wp-content\/uploads\/2023\/12\/IMG_20231220_085426-1.jpg 400w, https:\/\/vsdorfstetten.ac.at\/wp-content\/uploads\/2023\/12\/IMG_20231220_085426-1-300x225.jpg 300w\" sizes=\"(max-width: 400px) 100vw, 400px\" \/><\/figure>\n<\/figure>\n","protected":false},"excerpt":{"rendered":"<p>Am 20.Dezember fand um 7:45 Uhr der Weihnachtsgottesdienst mit Herrn Dechant Gr\u00fclnberger statt. Die Kinder umrahmten den Gottesdienst musikalisch mit &hellip; <\/p>\n","protected":false},"author":1,"featured_media":0,"comment_status":"closed","ping_status":"closed","sticky":false,"template":"","format":"standard","meta":[],"categories":[1],"tags":[],"_links":{"self":[{"href":"https:\/\/vsdorfstetten.ac.at\/index.php\/wp-json\/wp\/v2\/posts\/3148"}],"collection":[{"href":"https:\/\/vsdorfstetten.ac.at\/index.php\/wp-json\/wp\/v2\/posts"}],"about":[{"href":"https:\/\/vsdorfstetten.ac.at\/index.php\/wp-json\/wp\/v2\/types\/post"}],"author":[{"embeddable":true,"href":"https:\/\/vsdorfstetten.ac.at\/index.php\/wp-json\/wp\/v2\/users\/1"}],"replies":[{"embeddable":true,"href":"https:\/\/vsdorfstetten.ac.at\/index.php\/wp-json\/wp\/v2\/comments?post=3148"}],"version-history":[{"count":2,"href":"https:\/\/vsdorfstetten.ac.at\/index.php\/wp-json\/wp\/v2\/posts\/3148\/revisions"}],"predecessor-version":[{"id":3156,"href":"https:\/\/vsdorfstetten.ac.at\/index.php\/wp-json\/wp\/v2\/posts\/3148\/revisions\/3156"}],"wp:attachment":[{"href":"https:\/\/vsdorfstetten.ac.at\/index.php\/wp-json\/wp\/v2\/media?parent=3148"}],"wp:term":[{"taxonomy":"category","embeddable":true,"href":"https:\/\/vsdorfstetten.ac.at\/index.php\/wp-json\/wp\/v2\/categories?post=3148"},{"taxonomy":"post_tag","embeddable":true,"href":"https:\/\/vsdorfstetten.ac.at\/index.php\/wp-json\/wp\/v2\/tags?post=3148"}],"curies":[{"name":"wp","href":"https:\/\/api.w.org\/{rel}","templated":true}]}}