{"id":3171,"date":"2023-12-27T16:55:51","date_gmt":"2023-12-27T16:55:51","guid":{"rendered":"https:\/\/vsdorfstetten.ac.at\/?p=3171"},"modified":"2023-12-27T16:55:51","modified_gmt":"2023-12-27T16:55:51","slug":"weihnachtsfeier","status":"publish","type":"post","link":"https:\/\/vsdorfstetten.ac.at\/index.php\/2023\/12\/27\/weihnachtsfeier\/","title":{"rendered":"Weihnachtsfeier"},"content":{"rendered":"\n<p>Am letzten Freitag im Monat hei\u00dft es bei uns immer: <strong>Frei-Day!<\/strong><\/p>\n\n\n\n<p>Dieses Mal stand der Frei-Day unter dem Motto <strong>Weihnachten<\/strong>. Die ersten beiden Stunden arbeiteten die Kinder f\u00e4cher\u00fcbergreifend an diesem Thema. In der gro\u00dfen Pause fand wieder die gesunde Jause statt.<\/p>\n\n\n\n<p>Im Anschluss fand unsere <strong>Schulweihnachtsfeier <\/strong>statt: Am Programm standen Weihnachtsgeschichten, gemeinsames Singen, Instrumentalst\u00fccke der Kinder und die Bescherung im Zuge unseres &#8222;Engerl-Bengerl&#8220;- Spiels! Ausklang fand der Schultag mit Weihnachtsmusik und Keksen.<\/p>\n\n\n\n<p>F\u00fcr ihre Lieben haben die Kinder auch dieses Jahr wieder sch\u00f6ne Werkst\u00fccke im Unterricht gestaltet. Die erste Klasse bastelte eine Steckkrippe und eine Karte mit einem Christbaum und die zweite Klasse gestaltete eine Kerze aus Holz und dazu passend eine Karte.<\/p>\n\n\n\n<figure class=\"wp-container-2 wp-block-gallery-1 wp-block-gallery has-nested-images columns-default is-cropped\">\n<figure class=\"wp-block-image size-large\"><img loading=\"lazy\" width=\"1126\" height=\"2000\" data-id=\"3174\"  src=\"https:\/\/vsdorfstetten.ac.at\/wp-content\/uploads\/2023\/12\/1.jpg\" alt=\"\" class=\"wp-image-3174\" srcset=\"https:\/\/vsdorfstetten.ac.at\/wp-content\/uploads\/2023\/12\/1.jpg 1126w, https:\/\/vsdorfstetten.ac.at\/wp-content\/uploads\/2023\/12\/1-169x300.jpg 169w, https:\/\/vsdorfstetten.ac.at\/wp-content\/uploads\/2023\/12\/1-577x1024.jpg 577w, https:\/\/vsdorfstetten.ac.at\/wp-content\/uploads\/2023\/12\/1-768x1364.jpg 768w, https:\/\/vsdorfstetten.ac.at\/wp-content\/uploads\/2023\/12\/1-865x1536.jpg 865w\" sizes=\"(max-width: 1126px) 100vw, 1126px\" \/><\/figure>\n\n\n\n<figure class=\"wp-block-image size-large\"><img loading=\"lazy\" width=\"1442\" height=\"2560\" data-id=\"3176\"  src=\"https:\/\/vsdorfstetten.ac.at\/wp-content\/uploads\/2023\/12\/IMG_20231220_111338-1-scaled.jpg\" alt=\"\" class=\"wp-image-3176\" srcset=\"https:\/\/vsdorfstetten.ac.at\/wp-content\/uploads\/2023\/12\/IMG_20231220_111338-1-scaled.jpg 1442w, https:\/\/vsdorfstetten.ac.at\/wp-content\/uploads\/2023\/12\/IMG_20231220_111338-1-169x300.jpg 169w, https:\/\/vsdorfstetten.ac.at\/wp-content\/uploads\/2023\/12\/IMG_20231220_111338-1-577x1024.jpg 577w, https:\/\/vsdorfstetten.ac.at\/wp-content\/uploads\/2023\/12\/IMG_20231220_111338-1-768x1364.jpg 768w, https:\/\/vsdorfstetten.ac.at\/wp-content\/uploads\/2023\/12\/IMG_20231220_111338-1-865x1536.jpg 865w, https:\/\/vsdorfstetten.ac.at\/wp-content\/uploads\/2023\/12\/IMG_20231220_111338-1-1153x2048.jpg 1153w\" sizes=\"(max-width: 1442px) 100vw, 1442px\" \/><\/figure>\n<\/figure>\n\n\n\n<figure class=\"wp-block-image size-large\"><img loading=\"lazy\" width=\"1024\" height=\"577\" src=\"https:\/\/vsdorfstetten.ac.at\/wp-content\/uploads\/2023\/12\/IMG_20231222_110245-1024x577.jpg\" alt=\"\" class=\"wp-image-3175\" srcset=\"https:\/\/vsdorfstetten.ac.at\/wp-content\/uploads\/2023\/12\/IMG_20231222_110245-1024x577.jpg 1024w, https:\/\/vsdorfstetten.ac.at\/wp-content\/uploads\/2023\/12\/IMG_20231222_110245-300x169.jpg 300w, https:\/\/vsdorfstetten.ac.at\/wp-content\/uploads\/2023\/12\/IMG_20231222_110245-768x432.jpg 768w, https:\/\/vsdorfstetten.ac.at\/wp-content\/uploads\/2023\/12\/IMG_20231222_110245-1536x865.jpg 1536w, https:\/\/vsdorfstetten.ac.at\/wp-content\/uploads\/2023\/12\/IMG_20231222_110245.jpg 2000w\" sizes=\"(max-width: 1024px) 100vw, 1024px\" \/><\/figure>\n","protected":false},"excerpt":{"rendered":"<p>Am letzten Freitag im Monat hei\u00dft es bei uns immer: Frei-Day! Dieses Mal stand der Frei-Day unter dem Motto Weihnachten. &hellip; <\/p>\n","protected":false},"author":1,"featured_media":0,"comment_status":"closed","ping_status":"closed","sticky":false,"template":"","format":"standard","meta":[],"categories":[1],"tags":[],"_links":{"self":[{"href":"https:\/\/vsdorfstetten.ac.at\/index.php\/wp-json\/wp\/v2\/posts\/3171"}],"collection":[{"href":"https:\/\/vsdorfstetten.ac.at\/index.php\/wp-json\/wp\/v2\/posts"}],"about":[{"href":"https:\/\/vsdorfstetten.ac.at\/index.php\/wp-json\/wp\/v2\/types\/post"}],"author":[{"embeddable":true,"href":"https:\/\/vsdorfstetten.ac.at\/index.php\/wp-json\/wp\/v2\/users\/1"}],"replies":[{"embeddable":true,"href":"https:\/\/vsdorfstetten.ac.at\/index.php\/wp-json\/wp\/v2\/comments?post=3171"}],"version-history":[{"count":2,"href":"https:\/\/vsdorfstetten.ac.at\/index.php\/wp-json\/wp\/v2\/posts\/3171\/revisions"}],"predecessor-version":[{"id":3177,"href":"https:\/\/vsdorfstetten.ac.at\/index.php\/wp-json\/wp\/v2\/posts\/3171\/revisions\/3177"}],"wp:attachment":[{"href":"https:\/\/vsdorfstetten.ac.at\/index.php\/wp-json\/wp\/v2\/media?parent=3171"}],"wp:term":[{"taxonomy":"category","embeddable":true,"href":"https:\/\/vsdorfstetten.ac.at\/index.php\/wp-json\/wp\/v2\/categories?post=3171"},{"taxonomy":"post_tag","embeddable":true,"href":"https:\/\/vsdorfstetten.ac.at\/index.php\/wp-json\/wp\/v2\/tags?post=3171"}],"curies":[{"name":"wp","href":"https:\/\/api.w.org\/{rel}","templated":true}]}}