{"id":3183,"date":"2024-01-26T18:19:00","date_gmt":"2024-01-26T18:19:00","guid":{"rendered":"https:\/\/vsdorfstetten.ac.at\/?p=3183"},"modified":"2024-02-02T10:08:14","modified_gmt":"2024-02-02T10:08:14","slug":"waldpaedagogik","status":"publish","type":"post","link":"https:\/\/vsdorfstetten.ac.at\/index.php\/2024\/01\/26\/waldpaedagogik\/","title":{"rendered":"Waldp\u00e4dagogik"},"content":{"rendered":"\n<p class=\"has-text-align-left\"><\/p>\n\n\n\n<figure class=\"wp-block-image size-large\"><img loading=\"lazy\" width=\"1024\" height=\"198\" src=\"https:\/\/vsdorfstetten.ac.at\/wp-content\/uploads\/2024\/01\/Winter-1024x198.jpg\" alt=\"\" class=\"wp-image-3184\" srcset=\"https:\/\/vsdorfstetten.ac.at\/wp-content\/uploads\/2024\/01\/Winter-1024x198.jpg 1024w, https:\/\/vsdorfstetten.ac.at\/wp-content\/uploads\/2024\/01\/Winter-300x58.jpg 300w, https:\/\/vsdorfstetten.ac.at\/wp-content\/uploads\/2024\/01\/Winter-768x149.jpg 768w, https:\/\/vsdorfstetten.ac.at\/wp-content\/uploads\/2024\/01\/Winter.jpg 1101w\" sizes=\"(max-width: 1024px) 100vw, 1024px\" \/><\/figure>\n\n\n\n<p>Beim zweiten Termin der Walp\u00e4dagogik ging es um die Tiere des Waldes und wie sie den Winter verbringen. Nachdem die Kinder die K\u00e4rtchen mit den Tierbildern gesucht und gefunden hatten, wurden die Tiere spielerisch den Kategorien &#8222;aktiv&#8220;, &#8222;Winterstarre&#8220;, &#8222;Winterruhe&#8220; und &#8222;Winterschlaf&#8220; zugeordnet. Zwischendurch wurden immer wieder thematisch passende Spiele gespielt. Um den Winter mit allen Sinnen zu erleben, wurde das Wort &#8222;Winter&#8220; mit dem K\u00f6rper dargestellt, Tierspuren gesucht und sch\u00f6ne Waldmaterialien entdeckt, die \u00fcber das Wochenende in kleinen Schalen eingeeist wurden.<\/p>\n\n\n\n<figure class=\"wp-block-image size-full\"><img loading=\"lazy\" width=\"400\" height=\"400\" src=\"https:\/\/vsdorfstetten.ac.at\/wp-content\/uploads\/2024\/02\/GridArt_20240130_140459974-1024x1024-1.jpg\" alt=\"\" class=\"wp-image-3206\" srcset=\"https:\/\/vsdorfstetten.ac.at\/wp-content\/uploads\/2024\/02\/GridArt_20240130_140459974-1024x1024-1.jpg 400w, https:\/\/vsdorfstetten.ac.at\/wp-content\/uploads\/2024\/02\/GridArt_20240130_140459974-1024x1024-1-300x300.jpg 300w, https:\/\/vsdorfstetten.ac.at\/wp-content\/uploads\/2024\/02\/GridArt_20240130_140459974-1024x1024-1-150x150.jpg 150w, https:\/\/vsdorfstetten.ac.at\/wp-content\/uploads\/2024\/02\/GridArt_20240130_140459974-1024x1024-1-70x70.jpg 70w, https:\/\/vsdorfstetten.ac.at\/wp-content\/uploads\/2024\/02\/GridArt_20240130_140459974-1024x1024-1-246x246.jpg 246w, https:\/\/vsdorfstetten.ac.at\/wp-content\/uploads\/2024\/02\/GridArt_20240130_140459974-1024x1024-1-276x276.jpg 276w, https:\/\/vsdorfstetten.ac.at\/wp-content\/uploads\/2024\/02\/GridArt_20240130_140459974-1024x1024-1-125x125.jpg 125w\" sizes=\"(max-width: 400px) 100vw, 400px\" \/><\/figure>\n","protected":false},"excerpt":{"rendered":"<p>Beim zweiten Termin der Walp\u00e4dagogik ging es um die Tiere des Waldes und wie sie den Winter verbringen. Nachdem die &hellip; <\/p>\n","protected":false},"author":1,"featured_media":0,"comment_status":"closed","ping_status":"closed","sticky":false,"template":"","format":"standard","meta":[],"categories":[1],"tags":[],"_links":{"self":[{"href":"https:\/\/vsdorfstetten.ac.at\/index.php\/wp-json\/wp\/v2\/posts\/3183"}],"collection":[{"href":"https:\/\/vsdorfstetten.ac.at\/index.php\/wp-json\/wp\/v2\/posts"}],"about":[{"href":"https:\/\/vsdorfstetten.ac.at\/index.php\/wp-json\/wp\/v2\/types\/post"}],"author":[{"embeddable":true,"href":"https:\/\/vsdorfstetten.ac.at\/index.php\/wp-json\/wp\/v2\/users\/1"}],"replies":[{"embeddable":true,"href":"https:\/\/vsdorfstetten.ac.at\/index.php\/wp-json\/wp\/v2\/comments?post=3183"}],"version-history":[{"count":3,"href":"https:\/\/vsdorfstetten.ac.at\/index.php\/wp-json\/wp\/v2\/posts\/3183\/revisions"}],"predecessor-version":[{"id":3207,"href":"https:\/\/vsdorfstetten.ac.at\/index.php\/wp-json\/wp\/v2\/posts\/3183\/revisions\/3207"}],"wp:attachment":[{"href":"https:\/\/vsdorfstetten.ac.at\/index.php\/wp-json\/wp\/v2\/media?parent=3183"}],"wp:term":[{"taxonomy":"category","embeddable":true,"href":"https:\/\/vsdorfstetten.ac.at\/index.php\/wp-json\/wp\/v2\/categories?post=3183"},{"taxonomy":"post_tag","embeddable":true,"href":"https:\/\/vsdorfstetten.ac.at\/index.php\/wp-json\/wp\/v2\/tags?post=3183"}],"curies":[{"name":"wp","href":"https:\/\/api.w.org\/{rel}","templated":true}]}}