{"id":3280,"date":"2024-03-26T11:49:09","date_gmt":"2024-03-26T11:49:09","guid":{"rendered":"https:\/\/vsdorfstetten.ac.at\/?p=3280"},"modified":"2024-03-26T11:49:09","modified_gmt":"2024-03-26T11:49:09","slug":"fruehlingsgruss","status":"publish","type":"post","link":"https:\/\/vsdorfstetten.ac.at\/index.php\/2024\/03\/26\/fruehlingsgruss\/","title":{"rendered":"Fr\u00fchlingsgru\u00df"},"content":{"rendered":"\n<figure class=\"wp-block-image size-large\"><img loading=\"lazy\" width=\"1024\" height=\"960\" src=\"https:\/\/vsdorfstetten.ac.at\/wp-content\/uploads\/2024\/03\/IMG_20240304_095720-rotated-e1711453632252-1024x960.jpg\" alt=\"\" class=\"wp-image-3281\" srcset=\"https:\/\/vsdorfstetten.ac.at\/wp-content\/uploads\/2024\/03\/IMG_20240304_095720-rotated-e1711453632252-1024x960.jpg 1024w, https:\/\/vsdorfstetten.ac.at\/wp-content\/uploads\/2024\/03\/IMG_20240304_095720-rotated-e1711453632252-300x281.jpg 300w, https:\/\/vsdorfstetten.ac.at\/wp-content\/uploads\/2024\/03\/IMG_20240304_095720-rotated-e1711453632252-768x720.jpg 768w, https:\/\/vsdorfstetten.ac.at\/wp-content\/uploads\/2024\/03\/IMG_20240304_095720-rotated-e1711453632252.jpg 1125w\" sizes=\"(max-width: 1024px) 100vw, 1024px\" \/><figcaption>Die erste Klasse besch\u00e4ftigte sich in den Wochen vor Ostern intensiv mit den Fr\u00fchbl\u00fchern.<\/figcaption><\/figure>\n\n\n\n<figure class=\"wp-block-image size-large\"><img loading=\"lazy\" width=\"1024\" height=\"577\" src=\"https:\/\/vsdorfstetten.ac.at\/wp-content\/uploads\/2024\/03\/IMG_20240320_103051-1024x577.jpg\" alt=\"\" class=\"wp-image-3282\" srcset=\"https:\/\/vsdorfstetten.ac.at\/wp-content\/uploads\/2024\/03\/IMG_20240320_103051-1024x577.jpg 1024w, https:\/\/vsdorfstetten.ac.at\/wp-content\/uploads\/2024\/03\/IMG_20240320_103051-300x169.jpg 300w, https:\/\/vsdorfstetten.ac.at\/wp-content\/uploads\/2024\/03\/IMG_20240320_103051-768x432.jpg 768w, https:\/\/vsdorfstetten.ac.at\/wp-content\/uploads\/2024\/03\/IMG_20240320_103051-1536x865.jpg 1536w, https:\/\/vsdorfstetten.ac.at\/wp-content\/uploads\/2024\/03\/IMG_20240320_103051.jpg 2000w\" sizes=\"(max-width: 1024px) 100vw, 1024px\" \/><figcaption>In Kunst und Gestaltung entstanden Osterkarten aus Papierschnipseln und ein kleiner Osterhase aus Beton!<\/figcaption><\/figure>\n","protected":false},"excerpt":{"rendered":"","protected":false},"author":1,"featured_media":0,"comment_status":"closed","ping_status":"closed","sticky":false,"template":"","format":"standard","meta":[],"categories":[1],"tags":[],"_links":{"self":[{"href":"https:\/\/vsdorfstetten.ac.at\/index.php\/wp-json\/wp\/v2\/posts\/3280"}],"collection":[{"href":"https:\/\/vsdorfstetten.ac.at\/index.php\/wp-json\/wp\/v2\/posts"}],"about":[{"href":"https:\/\/vsdorfstetten.ac.at\/index.php\/wp-json\/wp\/v2\/types\/post"}],"author":[{"embeddable":true,"href":"https:\/\/vsdorfstetten.ac.at\/index.php\/wp-json\/wp\/v2\/users\/1"}],"replies":[{"embeddable":true,"href":"https:\/\/vsdorfstetten.ac.at\/index.php\/wp-json\/wp\/v2\/comments?post=3280"}],"version-history":[{"count":1,"href":"https:\/\/vsdorfstetten.ac.at\/index.php\/wp-json\/wp\/v2\/posts\/3280\/revisions"}],"predecessor-version":[{"id":3283,"href":"https:\/\/vsdorfstetten.ac.at\/index.php\/wp-json\/wp\/v2\/posts\/3280\/revisions\/3283"}],"wp:attachment":[{"href":"https:\/\/vsdorfstetten.ac.at\/index.php\/wp-json\/wp\/v2\/media?parent=3280"}],"wp:term":[{"taxonomy":"category","embeddable":true,"href":"https:\/\/vsdorfstetten.ac.at\/index.php\/wp-json\/wp\/v2\/categories?post=3280"},{"taxonomy":"post_tag","embeddable":true,"href":"https:\/\/vsdorfstetten.ac.at\/index.php\/wp-json\/wp\/v2\/tags?post=3280"}],"curies":[{"name":"wp","href":"https:\/\/api.w.org\/{rel}","templated":true}]}}