{"id":3285,"date":"2024-03-26T11:53:33","date_gmt":"2024-03-26T11:53:33","guid":{"rendered":"https:\/\/vsdorfstetten.ac.at\/?p=3285"},"modified":"2024-03-26T11:53:33","modified_gmt":"2024-03-26T11:53:33","slug":"frei-day-im-maerz","status":"publish","type":"post","link":"https:\/\/vsdorfstetten.ac.at\/index.php\/2024\/03\/26\/frei-day-im-maerz\/","title":{"rendered":"Frei-Day im M\u00e4rz"},"content":{"rendered":"\n<p>Am Freitag vor den Osterferien stand wieder ein Frei-Day am Stundenplan der VS Dorfstetten. Die H\u00e4lfte der Kinder durfte sich passend zum Fr\u00fchlingsbeginn mit dem Thema Wiese besch\u00e4ftigen, die andere H\u00e4lfte widmete sich dem Thema Bauernhof!<\/p>\n\n\n\n<figure class=\"wp-container-2 wp-block-gallery-1 wp-block-gallery has-nested-images columns-default is-cropped\">\n<figure class=\"wp-block-image size-large\"><img loading=\"lazy\" width=\"1024\" height=\"577\" data-id=\"3287\"  src=\"https:\/\/vsdorfstetten.ac.at\/wp-content\/uploads\/2024\/03\/IMG_20240322_081411-1024x577.jpg\" alt=\"\" class=\"wp-image-3287\" srcset=\"https:\/\/vsdorfstetten.ac.at\/wp-content\/uploads\/2024\/03\/IMG_20240322_081411-1024x577.jpg 1024w, https:\/\/vsdorfstetten.ac.at\/wp-content\/uploads\/2024\/03\/IMG_20240322_081411-300x169.jpg 300w, https:\/\/vsdorfstetten.ac.at\/wp-content\/uploads\/2024\/03\/IMG_20240322_081411-768x432.jpg 768w, https:\/\/vsdorfstetten.ac.at\/wp-content\/uploads\/2024\/03\/IMG_20240322_081411-1536x865.jpg 1536w, https:\/\/vsdorfstetten.ac.at\/wp-content\/uploads\/2024\/03\/IMG_20240322_081411.jpg 2000w\" sizes=\"(max-width: 1024px) 100vw, 1024px\" \/><\/figure>\n\n\n\n<figure class=\"wp-block-image size-large\"><img loading=\"lazy\" width=\"1024\" height=\"577\" data-id=\"3289\"  src=\"https:\/\/vsdorfstetten.ac.at\/wp-content\/uploads\/2024\/03\/IMG_20240322_081159-1024x577.jpg\" alt=\"\" class=\"wp-image-3289\" srcset=\"https:\/\/vsdorfstetten.ac.at\/wp-content\/uploads\/2024\/03\/IMG_20240322_081159-1024x577.jpg 1024w, https:\/\/vsdorfstetten.ac.at\/wp-content\/uploads\/2024\/03\/IMG_20240322_081159-300x169.jpg 300w, https:\/\/vsdorfstetten.ac.at\/wp-content\/uploads\/2024\/03\/IMG_20240322_081159-768x432.jpg 768w, https:\/\/vsdorfstetten.ac.at\/wp-content\/uploads\/2024\/03\/IMG_20240322_081159-1536x865.jpg 1536w, https:\/\/vsdorfstetten.ac.at\/wp-content\/uploads\/2024\/03\/IMG_20240322_081159.jpg 2000w\" sizes=\"(max-width: 1024px) 100vw, 1024px\" \/><\/figure>\n\n\n\n<figure class=\"wp-block-image size-large\"><img loading=\"lazy\" width=\"1024\" height=\"577\" data-id=\"3288\"  src=\"https:\/\/vsdorfstetten.ac.at\/wp-content\/uploads\/2024\/03\/IMG_20240322_084222-1024x577.jpg\" alt=\"\" class=\"wp-image-3288\" srcset=\"https:\/\/vsdorfstetten.ac.at\/wp-content\/uploads\/2024\/03\/IMG_20240322_084222-1024x577.jpg 1024w, https:\/\/vsdorfstetten.ac.at\/wp-content\/uploads\/2024\/03\/IMG_20240322_084222-300x169.jpg 300w, https:\/\/vsdorfstetten.ac.at\/wp-content\/uploads\/2024\/03\/IMG_20240322_084222-768x432.jpg 768w, https:\/\/vsdorfstetten.ac.at\/wp-content\/uploads\/2024\/03\/IMG_20240322_084222-1536x865.jpg 1536w, https:\/\/vsdorfstetten.ac.at\/wp-content\/uploads\/2024\/03\/IMG_20240322_084222.jpg 2000w\" sizes=\"(max-width: 1024px) 100vw, 1024px\" \/><\/figure>\n<\/figure>\n","protected":false},"excerpt":{"rendered":"<p>Am Freitag vor den Osterferien stand wieder ein Frei-Day am Stundenplan der VS Dorfstetten. Die H\u00e4lfte der Kinder durfte sich &hellip; <\/p>\n","protected":false},"author":1,"featured_media":0,"comment_status":"closed","ping_status":"closed","sticky":false,"template":"","format":"standard","meta":[],"categories":[1],"tags":[],"_links":{"self":[{"href":"https:\/\/vsdorfstetten.ac.at\/index.php\/wp-json\/wp\/v2\/posts\/3285"}],"collection":[{"href":"https:\/\/vsdorfstetten.ac.at\/index.php\/wp-json\/wp\/v2\/posts"}],"about":[{"href":"https:\/\/vsdorfstetten.ac.at\/index.php\/wp-json\/wp\/v2\/types\/post"}],"author":[{"embeddable":true,"href":"https:\/\/vsdorfstetten.ac.at\/index.php\/wp-json\/wp\/v2\/users\/1"}],"replies":[{"embeddable":true,"href":"https:\/\/vsdorfstetten.ac.at\/index.php\/wp-json\/wp\/v2\/comments?post=3285"}],"version-history":[{"count":1,"href":"https:\/\/vsdorfstetten.ac.at\/index.php\/wp-json\/wp\/v2\/posts\/3285\/revisions"}],"predecessor-version":[{"id":3290,"href":"https:\/\/vsdorfstetten.ac.at\/index.php\/wp-json\/wp\/v2\/posts\/3285\/revisions\/3290"}],"wp:attachment":[{"href":"https:\/\/vsdorfstetten.ac.at\/index.php\/wp-json\/wp\/v2\/media?parent=3285"}],"wp:term":[{"taxonomy":"category","embeddable":true,"href":"https:\/\/vsdorfstetten.ac.at\/index.php\/wp-json\/wp\/v2\/categories?post=3285"},{"taxonomy":"post_tag","embeddable":true,"href":"https:\/\/vsdorfstetten.ac.at\/index.php\/wp-json\/wp\/v2\/tags?post=3285"}],"curies":[{"name":"wp","href":"https:\/\/api.w.org\/{rel}","templated":true}]}}