{"id":3291,"date":"2024-03-28T14:03:56","date_gmt":"2024-03-28T14:03:56","guid":{"rendered":"https:\/\/vsdorfstetten.ac.at\/?p=3291"},"modified":"2024-03-28T14:03:56","modified_gmt":"2024-03-28T14:03:56","slug":"waldpaedagogik-2","status":"publish","type":"post","link":"https:\/\/vsdorfstetten.ac.at\/index.php\/2024\/03\/28\/waldpaedagogik-2\/","title":{"rendered":"Waldp\u00e4dagogik"},"content":{"rendered":"\n<p>Am 18. M\u00e4rz fand der dritte von vier Terminen zur Waldp\u00e4dagogik statt. Die Waldp\u00e4dagogin Beate Birringer-Zauner verbrachte mit den Kindern der VS einen interessanten Vormittag im Wald. Auf dem Weg dorthin konnten bereits die ersten Fr\u00fchlingsboten entdeckt werden. Kurzerhand entstand aus den gesammelten Naturalien eine kleine Collage.<\/p>\n\n\n\n<p>Danach wurde gemeinsam erforscht, wie die Samen und Fr\u00fcchte unserer heimischen Laub- und Nadelb\u00e4ume aussehen. Viele Kinder brachten ihr gro\u00dfes Vorwissen dazu ein, was die erfahrene Waldp\u00e4dagogin sichtlich erstaunte. Im Anschluss wurde gemeinsam ein riesiges Vogelnest aus \u00c4sten, Zweigen und Moos gebaut. Daran hatten die Kinder riesigen Spa\u00df. Zum Abschluss wurde noch ein lustiges Fangspiel gespielt. Es war ein sehr kurzweiliger und lehrreicher Vormittag.<\/p>\n\n\n\n<figure class=\"wp-container-2 wp-block-gallery-1 wp-block-gallery has-nested-images columns-default is-cropped\">\n<figure class=\"wp-block-image size-large\"><img loading=\"lazy\" width=\"1024\" height=\"768\" data-id=\"3293\"  src=\"https:\/\/vsdorfstetten.ac.at\/wp-content\/uploads\/2024\/03\/IMG_20240318_110800-1024x768.jpg\" alt=\"\" class=\"wp-image-3293\" srcset=\"https:\/\/vsdorfstetten.ac.at\/wp-content\/uploads\/2024\/03\/IMG_20240318_110800-1024x768.jpg 1024w, https:\/\/vsdorfstetten.ac.at\/wp-content\/uploads\/2024\/03\/IMG_20240318_110800-300x225.jpg 300w, https:\/\/vsdorfstetten.ac.at\/wp-content\/uploads\/2024\/03\/IMG_20240318_110800-768x576.jpg 768w, https:\/\/vsdorfstetten.ac.at\/wp-content\/uploads\/2024\/03\/IMG_20240318_110800-1536x1152.jpg 1536w, https:\/\/vsdorfstetten.ac.at\/wp-content\/uploads\/2024\/03\/IMG_20240318_110800.jpg 2000w\" sizes=\"(max-width: 1024px) 100vw, 1024px\" \/><\/figure>\n\n\n\n<figure class=\"wp-block-image size-large\"><img loading=\"lazy\" width=\"1024\" height=\"768\" data-id=\"3295\"  src=\"https:\/\/vsdorfstetten.ac.at\/wp-content\/uploads\/2024\/03\/IMG_20240318_104352-1024x768.jpg\" alt=\"\" class=\"wp-image-3295\" srcset=\"https:\/\/vsdorfstetten.ac.at\/wp-content\/uploads\/2024\/03\/IMG_20240318_104352-1024x768.jpg 1024w, https:\/\/vsdorfstetten.ac.at\/wp-content\/uploads\/2024\/03\/IMG_20240318_104352-300x225.jpg 300w, https:\/\/vsdorfstetten.ac.at\/wp-content\/uploads\/2024\/03\/IMG_20240318_104352-768x576.jpg 768w, https:\/\/vsdorfstetten.ac.at\/wp-content\/uploads\/2024\/03\/IMG_20240318_104352-1536x1152.jpg 1536w, https:\/\/vsdorfstetten.ac.at\/wp-content\/uploads\/2024\/03\/IMG_20240318_104352.jpg 2000w\" sizes=\"(max-width: 1024px) 100vw, 1024px\" \/><\/figure>\n\n\n\n<figure class=\"wp-block-image size-large\"><img loading=\"lazy\" width=\"1024\" height=\"768\" data-id=\"3294\"  src=\"https:\/\/vsdorfstetten.ac.at\/wp-content\/uploads\/2024\/03\/IMG_20240318_085311-1024x768.jpg\" alt=\"\" class=\"wp-image-3294\" srcset=\"https:\/\/vsdorfstetten.ac.at\/wp-content\/uploads\/2024\/03\/IMG_20240318_085311-1024x768.jpg 1024w, https:\/\/vsdorfstetten.ac.at\/wp-content\/uploads\/2024\/03\/IMG_20240318_085311-300x225.jpg 300w, https:\/\/vsdorfstetten.ac.at\/wp-content\/uploads\/2024\/03\/IMG_20240318_085311-768x576.jpg 768w, https:\/\/vsdorfstetten.ac.at\/wp-content\/uploads\/2024\/03\/IMG_20240318_085311-1536x1152.jpg 1536w, https:\/\/vsdorfstetten.ac.at\/wp-content\/uploads\/2024\/03\/IMG_20240318_085311.jpg 2000w\" sizes=\"(max-width: 1024px) 100vw, 1024px\" \/><\/figure>\n<\/figure>\n","protected":false},"excerpt":{"rendered":"<p>Am 18. M\u00e4rz fand der dritte von vier Terminen zur Waldp\u00e4dagogik statt. Die Waldp\u00e4dagogin Beate Birringer-Zauner verbrachte mit den Kindern &hellip; <\/p>\n","protected":false},"author":1,"featured_media":0,"comment_status":"closed","ping_status":"closed","sticky":false,"template":"","format":"standard","meta":[],"categories":[1],"tags":[],"_links":{"self":[{"href":"https:\/\/vsdorfstetten.ac.at\/index.php\/wp-json\/wp\/v2\/posts\/3291"}],"collection":[{"href":"https:\/\/vsdorfstetten.ac.at\/index.php\/wp-json\/wp\/v2\/posts"}],"about":[{"href":"https:\/\/vsdorfstetten.ac.at\/index.php\/wp-json\/wp\/v2\/types\/post"}],"author":[{"embeddable":true,"href":"https:\/\/vsdorfstetten.ac.at\/index.php\/wp-json\/wp\/v2\/users\/1"}],"replies":[{"embeddable":true,"href":"https:\/\/vsdorfstetten.ac.at\/index.php\/wp-json\/wp\/v2\/comments?post=3291"}],"version-history":[{"count":3,"href":"https:\/\/vsdorfstetten.ac.at\/index.php\/wp-json\/wp\/v2\/posts\/3291\/revisions"}],"predecessor-version":[{"id":3302,"href":"https:\/\/vsdorfstetten.ac.at\/index.php\/wp-json\/wp\/v2\/posts\/3291\/revisions\/3302"}],"wp:attachment":[{"href":"https:\/\/vsdorfstetten.ac.at\/index.php\/wp-json\/wp\/v2\/media?parent=3291"}],"wp:term":[{"taxonomy":"category","embeddable":true,"href":"https:\/\/vsdorfstetten.ac.at\/index.php\/wp-json\/wp\/v2\/categories?post=3291"},{"taxonomy":"post_tag","embeddable":true,"href":"https:\/\/vsdorfstetten.ac.at\/index.php\/wp-json\/wp\/v2\/tags?post=3291"}],"curies":[{"name":"wp","href":"https:\/\/api.w.org\/{rel}","templated":true}]}}