{"id":3355,"date":"2024-04-29T00:07:00","date_gmt":"2024-04-29T00:07:00","guid":{"rendered":"https:\/\/vsdorfstetten.ac.at\/?p=3355"},"modified":"2024-05-13T10:07:42","modified_gmt":"2024-05-13T10:07:42","slug":"erstkommunion-2024","status":"publish","type":"post","link":"https:\/\/vsdorfstetten.ac.at\/index.php\/2024\/04\/29\/erstkommunion-2024\/","title":{"rendered":"Erstkommunion 2024"},"content":{"rendered":"\n<p>Am Sonntag, den <strong>28. April 2024<\/strong> fand die Erstkommunion in der Pfarrkirche Dorfstetten statt. 11 Kinder aus der <strong>2. Schulstufe <\/strong>durften zum ersten Mal Jesus empfangen. Nach intensiver Vorbereitung, die heuer bereits zum zweiten Mal mitunter im Rahmen von 4 Weggottesdiensten stattfand, freuten sich die Kinder ganz besonders auf dieses einmalige Ereignis. Gemeinsam mit den anderen <strong>Kindern der Volksschule<\/strong> wurde die Messe gestaltet. Dabei musizierten und sangen die Kinder wie echte Profis. <\/p>\n\n\n\n<p>Im Anschluss an die Messe gab es f\u00fcr die Erstkommunionkinder sowie alle mitwirkenden Erwachsenen ein leckeres Fr\u00fchst\u00fcck im Pfarrheim.<\/p>\n\n\n\n<p>An dieser Stelle bedankt sich die <strong>Pfarre<\/strong> herzlich bei folgenden <strong>Personen und Vereinen<\/strong>:<\/p>\n\n\n\n<p>-)<strong> <\/strong>bei<strong> Herrn Dechant Gr\u00fclnberger<\/strong> f\u00fcr die w\u00fcrdevolle Gestaltung der Messe<\/p>\n\n\n\n<p>-) bei allen <strong>VS-Kindern<\/strong> f\u00fcr die tolle musikalische Umrahmung der Messe<\/p>\n\n\n\n<p>-) beim <strong>Musikverein<\/strong> f\u00fcr die sch\u00f6ne Begleitung au\u00dferhalb der Kirche<\/p>\n\n\n\n<p>-) bei der<strong> Frauenbewegung<\/strong> f\u00fcr das Fr\u00fchst\u00fcck<\/p>\n\n\n\n<p>-) bei der<strong> Firma G\u00f6bl<\/strong> f\u00fcr die Kipferl-Spende<\/p>\n\n\n\n<p>-) bei dem <strong>Organisten Gabriel Radinger<\/strong>, sowie dem <strong>Mesner Christoph Klem<\/strong><\/p>\n\n\n\n<p>-) den <strong>Fotografen Claudia und Stefan Radinger<\/strong><\/p>\n\n\n\n<p>Es war ein wundersch\u00f6nes, gelungenes Fest!<\/p>\n\n\n\n<figure class=\"wp-container-2 wp-block-gallery-1 wp-block-gallery has-nested-images columns-default is-cropped\">\n<figure class=\"wp-block-image size-large\"><img loading=\"lazy\" width=\"800\" height=\"533\" data-id=\"3357\"  src=\"https:\/\/vsdorfstetten.ac.at\/wp-content\/uploads\/2024\/05\/IMG_6397_01.jpg\" alt=\"\" class=\"wp-image-3357\" srcset=\"https:\/\/vsdorfstetten.ac.at\/wp-content\/uploads\/2024\/05\/IMG_6397_01.jpg 800w, https:\/\/vsdorfstetten.ac.at\/wp-content\/uploads\/2024\/05\/IMG_6397_01-300x200.jpg 300w, https:\/\/vsdorfstetten.ac.at\/wp-content\/uploads\/2024\/05\/IMG_6397_01-768x512.jpg 768w\" sizes=\"(max-width: 800px) 100vw, 800px\" \/><\/figure>\n<\/figure>\n","protected":false},"excerpt":{"rendered":"<p>Am Sonntag, den 28. April 2024 fand die Erstkommunion in der Pfarrkirche Dorfstetten statt. 11 Kinder aus der 2. Schulstufe &hellip; <\/p>\n","protected":false},"author":1,"featured_media":0,"comment_status":"closed","ping_status":"closed","sticky":false,"template":"","format":"standard","meta":[],"categories":[1],"tags":[],"_links":{"self":[{"href":"https:\/\/vsdorfstetten.ac.at\/index.php\/wp-json\/wp\/v2\/posts\/3355"}],"collection":[{"href":"https:\/\/vsdorfstetten.ac.at\/index.php\/wp-json\/wp\/v2\/posts"}],"about":[{"href":"https:\/\/vsdorfstetten.ac.at\/index.php\/wp-json\/wp\/v2\/types\/post"}],"author":[{"embeddable":true,"href":"https:\/\/vsdorfstetten.ac.at\/index.php\/wp-json\/wp\/v2\/users\/1"}],"replies":[{"embeddable":true,"href":"https:\/\/vsdorfstetten.ac.at\/index.php\/wp-json\/wp\/v2\/comments?post=3355"}],"version-history":[{"count":2,"href":"https:\/\/vsdorfstetten.ac.at\/index.php\/wp-json\/wp\/v2\/posts\/3355\/revisions"}],"predecessor-version":[{"id":3359,"href":"https:\/\/vsdorfstetten.ac.at\/index.php\/wp-json\/wp\/v2\/posts\/3355\/revisions\/3359"}],"wp:attachment":[{"href":"https:\/\/vsdorfstetten.ac.at\/index.php\/wp-json\/wp\/v2\/media?parent=3355"}],"wp:term":[{"taxonomy":"category","embeddable":true,"href":"https:\/\/vsdorfstetten.ac.at\/index.php\/wp-json\/wp\/v2\/categories?post=3355"},{"taxonomy":"post_tag","embeddable":true,"href":"https:\/\/vsdorfstetten.ac.at\/index.php\/wp-json\/wp\/v2\/tags?post=3355"}],"curies":[{"name":"wp","href":"https:\/\/api.w.org\/{rel}","templated":true}]}}