{"id":3387,"date":"2024-06-04T13:55:17","date_gmt":"2024-06-04T13:55:17","guid":{"rendered":"https:\/\/vsdorfstetten.ac.at\/?p=3387"},"modified":"2024-06-04T13:55:17","modified_gmt":"2024-06-04T13:55:17","slug":"buchstabenfest-4","status":"publish","type":"post","link":"https:\/\/vsdorfstetten.ac.at\/index.php\/2024\/06\/04\/buchstabenfest-4\/","title":{"rendered":"Buchstabenfest"},"content":{"rendered":"\n<p>Die Sch\u00fclerInnen und Sch\u00fcler der ersten Stufe lernten im Mai die letzten Buchstaben bzw. Laute. Am Montag, 3. Juni, \u00fcberpr\u00fcfte Frau Lagler, ob die Buchstaben wirklich alle gekonnt werden. Nachdem die Sch\u00fclerinnen und Sch\u00fcler dies bewiesen hatten, bekamen alle ein Urkunde und durften eine Krone basteln, welche sie zum Buchstabenk\u00f6nig bzw. zur Buchstabenk\u00f6nigin ernannte. Zur Feier des Tages gab es danach eine Buchstabensuppe!<\/p>\n\n\n\n<div class=\"wp-container-4 wp-block-columns\">\n<div class=\"wp-container-3 wp-block-column\" style=\"flex-basis:100%\">\n<figure class=\"wp-container-2 wp-block-gallery-1 wp-block-gallery has-nested-images columns-default is-cropped\">\n<figure class=\"wp-block-image size-large\"><img loading=\"lazy\" width=\"1125\" height=\"1350\" src=\"https:\/\/vsdorfstetten.ac.at\/wp-content\/uploads\/2024\/06\/IMG_20240603_092417-rotated-e1717509267927.jpg\" alt=\"\" class=\"wp-image-3389\" srcset=\"https:\/\/vsdorfstetten.ac.at\/wp-content\/uploads\/2024\/06\/IMG_20240603_092417-rotated-e1717509267927.jpg 1125w, https:\/\/vsdorfstetten.ac.at\/wp-content\/uploads\/2024\/06\/IMG_20240603_092417-rotated-e1717509267927-250x300.jpg 250w, https:\/\/vsdorfstetten.ac.at\/wp-content\/uploads\/2024\/06\/IMG_20240603_092417-rotated-e1717509267927-853x1024.jpg 853w, https:\/\/vsdorfstetten.ac.at\/wp-content\/uploads\/2024\/06\/IMG_20240603_092417-rotated-e1717509267927-768x922.jpg 768w\" sizes=\"(max-width: 1125px) 100vw, 1125px\" \/><\/figure>\n\n\n\n<figure class=\"wp-block-image size-large\"><img loading=\"lazy\" width=\"1125\" height=\"1360\" src=\"https:\/\/vsdorfstetten.ac.at\/wp-content\/uploads\/2024\/06\/IMG_20240603_092424-rotated-e1717509241979.jpg\" alt=\"\" class=\"wp-image-3388\" srcset=\"https:\/\/vsdorfstetten.ac.at\/wp-content\/uploads\/2024\/06\/IMG_20240603_092424-rotated-e1717509241979.jpg 1125w, https:\/\/vsdorfstetten.ac.at\/wp-content\/uploads\/2024\/06\/IMG_20240603_092424-rotated-e1717509241979-248x300.jpg 248w, https:\/\/vsdorfstetten.ac.at\/wp-content\/uploads\/2024\/06\/IMG_20240603_092424-rotated-e1717509241979-847x1024.jpg 847w, https:\/\/vsdorfstetten.ac.at\/wp-content\/uploads\/2024\/06\/IMG_20240603_092424-rotated-e1717509241979-768x928.jpg 768w\" sizes=\"(max-width: 1125px) 100vw, 1125px\" \/><\/figure>\n<\/figure>\n<\/div>\n<\/div>\n\n\n\n<figure class=\"wp-block-image size-large\"><img loading=\"lazy\" width=\"1024\" height=\"577\" src=\"https:\/\/vsdorfstetten.ac.at\/wp-content\/uploads\/2024\/06\/IMG_20240603_095718-1024x577.jpg\" alt=\"\" class=\"wp-image-3390\" srcset=\"https:\/\/vsdorfstetten.ac.at\/wp-content\/uploads\/2024\/06\/IMG_20240603_095718-1024x577.jpg 1024w, https:\/\/vsdorfstetten.ac.at\/wp-content\/uploads\/2024\/06\/IMG_20240603_095718-300x169.jpg 300w, https:\/\/vsdorfstetten.ac.at\/wp-content\/uploads\/2024\/06\/IMG_20240603_095718-768x432.jpg 768w, https:\/\/vsdorfstetten.ac.at\/wp-content\/uploads\/2024\/06\/IMG_20240603_095718-1536x865.jpg 1536w, https:\/\/vsdorfstetten.ac.at\/wp-content\/uploads\/2024\/06\/IMG_20240603_095718.jpg 2000w\" sizes=\"(max-width: 1024px) 100vw, 1024px\" \/><\/figure>\n","protected":false},"excerpt":{"rendered":"<p>Die Sch\u00fclerInnen und Sch\u00fcler der ersten Stufe lernten im Mai die letzten Buchstaben bzw. Laute. Am Montag, 3. Juni, \u00fcberpr\u00fcfte &hellip; <\/p>\n","protected":false},"author":1,"featured_media":0,"comment_status":"closed","ping_status":"closed","sticky":false,"template":"","format":"standard","meta":[],"categories":[1],"tags":[],"_links":{"self":[{"href":"https:\/\/vsdorfstetten.ac.at\/index.php\/wp-json\/wp\/v2\/posts\/3387"}],"collection":[{"href":"https:\/\/vsdorfstetten.ac.at\/index.php\/wp-json\/wp\/v2\/posts"}],"about":[{"href":"https:\/\/vsdorfstetten.ac.at\/index.php\/wp-json\/wp\/v2\/types\/post"}],"author":[{"embeddable":true,"href":"https:\/\/vsdorfstetten.ac.at\/index.php\/wp-json\/wp\/v2\/users\/1"}],"replies":[{"embeddable":true,"href":"https:\/\/vsdorfstetten.ac.at\/index.php\/wp-json\/wp\/v2\/comments?post=3387"}],"version-history":[{"count":1,"href":"https:\/\/vsdorfstetten.ac.at\/index.php\/wp-json\/wp\/v2\/posts\/3387\/revisions"}],"predecessor-version":[{"id":3391,"href":"https:\/\/vsdorfstetten.ac.at\/index.php\/wp-json\/wp\/v2\/posts\/3387\/revisions\/3391"}],"wp:attachment":[{"href":"https:\/\/vsdorfstetten.ac.at\/index.php\/wp-json\/wp\/v2\/media?parent=3387"}],"wp:term":[{"taxonomy":"category","embeddable":true,"href":"https:\/\/vsdorfstetten.ac.at\/index.php\/wp-json\/wp\/v2\/categories?post=3387"},{"taxonomy":"post_tag","embeddable":true,"href":"https:\/\/vsdorfstetten.ac.at\/index.php\/wp-json\/wp\/v2\/tags?post=3387"}],"curies":[{"name":"wp","href":"https:\/\/api.w.org\/{rel}","templated":true}]}}