{"id":3406,"date":"2024-06-11T05:06:30","date_gmt":"2024-06-11T05:06:30","guid":{"rendered":"https:\/\/vsdorfstetten.ac.at\/?p=3406"},"modified":"2024-06-11T05:06:30","modified_gmt":"2024-06-11T05:06:30","slug":"waldpaedagogik-3","status":"publish","type":"post","link":"https:\/\/vsdorfstetten.ac.at\/index.php\/2024\/06\/11\/waldpaedagogik-3\/","title":{"rendered":"Waldp\u00e4dagogik"},"content":{"rendered":"\n<p>Am <strong>7.6.2024<\/strong> fand unser letzter Waldp\u00e4dagogiktag f\u00fcr dieses Schuljahr statt. <strong>Frau Birringer-Zauner <\/strong>brachte den Kinder das Thema &#8222;<strong>Heimische Insekten<\/strong>&#8220; n\u00e4her. Dabei konnten die Kinder auch wieder ihr Vorwissen unter Beweis stellen. Im Anschluss wurden sie alle zu <strong>Insektendetektiven<\/strong> und suchten im Wald nach vielen kleinen &#8222;Krabblern&#8220;, die sie dann mit Hilfe einer Lupe beobachten konnten. Von kleinen Raupen, \u00fcber K\u00e4fer und Schwebefliegen war alles dabei.<\/p>\n\n\n\n<p>Vor allem das Thema &#8222;<strong>Ameise<\/strong>&#8220; begeisterte die Kinder der VS besonders. Dass diese Tierchen sich ihre Wege mit Hilfe von verschiedenen D\u00fcften markieren, war f\u00fcr viele unserer jungen Waldforscherinnen und -forscher neu.<\/p>\n\n\n\n<p>Es war wieder ein sehr kurzweiliger und spannender Vormittag f\u00fcr alle Beteiligten.<\/p>\n\n\n\n<figure class=\"wp-container-2 wp-block-gallery-1 wp-block-gallery has-nested-images columns-default is-cropped\">\n<figure class=\"wp-block-image size-large\"><img loading=\"lazy\" width=\"300\" height=\"400\" data-id=\"3415\"  src=\"https:\/\/vsdorfstetten.ac.at\/wp-content\/uploads\/2024\/06\/IMG_20240607_084435-1.jpg\" alt=\"\" class=\"wp-image-3415\" srcset=\"https:\/\/vsdorfstetten.ac.at\/wp-content\/uploads\/2024\/06\/IMG_20240607_084435-1.jpg 300w, https:\/\/vsdorfstetten.ac.at\/wp-content\/uploads\/2024\/06\/IMG_20240607_084435-1-225x300.jpg 225w\" sizes=\"(max-width: 300px) 100vw, 300px\" \/><\/figure>\n\n\n\n<figure class=\"wp-block-image size-large\"><img loading=\"lazy\" width=\"225\" height=\"400\" data-id=\"3416\"  src=\"https:\/\/vsdorfstetten.ac.at\/wp-content\/uploads\/2024\/06\/IMG_20240607_102855-2-rotated.jpg\" alt=\"\" class=\"wp-image-3416\" srcset=\"https:\/\/vsdorfstetten.ac.at\/wp-content\/uploads\/2024\/06\/IMG_20240607_102855-2-rotated.jpg 225w, https:\/\/vsdorfstetten.ac.at\/wp-content\/uploads\/2024\/06\/IMG_20240607_102855-2-169x300.jpg 169w\" sizes=\"(max-width: 225px) 100vw, 225px\" \/><\/figure>\n\n\n\n<figure class=\"wp-block-image size-large\"><img loading=\"lazy\" width=\"226\" height=\"400\" data-id=\"3417\"  src=\"https:\/\/vsdorfstetten.ac.at\/wp-content\/uploads\/2024\/06\/IMG_20240607_102938-2-rotated.jpg\" alt=\"\" class=\"wp-image-3417\" srcset=\"https:\/\/vsdorfstetten.ac.at\/wp-content\/uploads\/2024\/06\/IMG_20240607_102938-2-rotated.jpg 226w, https:\/\/vsdorfstetten.ac.at\/wp-content\/uploads\/2024\/06\/IMG_20240607_102938-2-170x300.jpg 170w\" sizes=\"(max-width: 226px) 100vw, 226px\" \/><\/figure>\n<\/figure>\n\n\n\n<figure class=\"wp-container-4 wp-block-gallery-3 wp-block-gallery has-nested-images columns-default is-cropped\">\n<figure class=\"wp-block-image size-large\"><img loading=\"lazy\" width=\"400\" height=\"225\" data-id=\"3419\"  src=\"https:\/\/vsdorfstetten.ac.at\/wp-content\/uploads\/2024\/06\/IMG_20240607_082320-2.jpg\" alt=\"\" class=\"wp-image-3419\" srcset=\"https:\/\/vsdorfstetten.ac.at\/wp-content\/uploads\/2024\/06\/IMG_20240607_082320-2.jpg 400w, https:\/\/vsdorfstetten.ac.at\/wp-content\/uploads\/2024\/06\/IMG_20240607_082320-2-300x169.jpg 300w\" sizes=\"(max-width: 400px) 100vw, 400px\" \/><\/figure>\n<\/figure>\n","protected":false},"excerpt":{"rendered":"<p>Am 7.6.2024 fand unser letzter Waldp\u00e4dagogiktag f\u00fcr dieses Schuljahr statt. Frau Birringer-Zauner brachte den Kinder das Thema &#8222;Heimische Insekten&#8220; n\u00e4her. &hellip; <\/p>\n","protected":false},"author":1,"featured_media":0,"comment_status":"closed","ping_status":"closed","sticky":false,"template":"","format":"standard","meta":[],"categories":[1],"tags":[],"_links":{"self":[{"href":"https:\/\/vsdorfstetten.ac.at\/index.php\/wp-json\/wp\/v2\/posts\/3406"}],"collection":[{"href":"https:\/\/vsdorfstetten.ac.at\/index.php\/wp-json\/wp\/v2\/posts"}],"about":[{"href":"https:\/\/vsdorfstetten.ac.at\/index.php\/wp-json\/wp\/v2\/types\/post"}],"author":[{"embeddable":true,"href":"https:\/\/vsdorfstetten.ac.at\/index.php\/wp-json\/wp\/v2\/users\/1"}],"replies":[{"embeddable":true,"href":"https:\/\/vsdorfstetten.ac.at\/index.php\/wp-json\/wp\/v2\/comments?post=3406"}],"version-history":[{"count":3,"href":"https:\/\/vsdorfstetten.ac.at\/index.php\/wp-json\/wp\/v2\/posts\/3406\/revisions"}],"predecessor-version":[{"id":3420,"href":"https:\/\/vsdorfstetten.ac.at\/index.php\/wp-json\/wp\/v2\/posts\/3406\/revisions\/3420"}],"wp:attachment":[{"href":"https:\/\/vsdorfstetten.ac.at\/index.php\/wp-json\/wp\/v2\/media?parent=3406"}],"wp:term":[{"taxonomy":"category","embeddable":true,"href":"https:\/\/vsdorfstetten.ac.at\/index.php\/wp-json\/wp\/v2\/categories?post=3406"},{"taxonomy":"post_tag","embeddable":true,"href":"https:\/\/vsdorfstetten.ac.at\/index.php\/wp-json\/wp\/v2\/tags?post=3406"}],"curies":[{"name":"wp","href":"https:\/\/api.w.org\/{rel}","templated":true}]}}