{"id":3515,"date":"2024-09-16T14:26:04","date_gmt":"2024-09-16T14:26:04","guid":{"rendered":"https:\/\/vsdorfstetten.ac.at\/?p=3515"},"modified":"2024-12-10T14:47:06","modified_gmt":"2024-12-10T14:47:06","slug":"start-ins-neue-schuljahr-2","status":"publish","type":"post","link":"https:\/\/vsdorfstetten.ac.at\/index.php\/2024\/09\/16\/start-ins-neue-schuljahr-2\/","title":{"rendered":"Start ins neue Schuljahr"},"content":{"rendered":"\n<p>Am zweiten September begann f\u00fcr unsere Sch\u00fclerinnen und Sch\u00fcler das neue Schuljahr mit dem Er\u00f6ffnungsgottesdienst. Mit dabei waren auch unsere 8 Schulanf\u00e4ngerInnen, welche mit diesem Tag ihre Schullaufbahn starteten. <\/p>\n\n\n\n<figure class=\"wp-container-2 wp-block-gallery-1 wp-block-gallery has-nested-images columns-default is-cropped\">\n<figure class=\"wp-block-image size-large\"><img loading=\"lazy\" width=\"2000\" height=\"1126\" data-id=\"3517\"  src=\"https:\/\/vsdorfstetten.ac.at\/wp-content\/uploads\/2024\/09\/1.-Schultag-1.2.Stufe_.jpg\" alt=\"\" class=\"wp-image-3517\" srcset=\"https:\/\/vsdorfstetten.ac.at\/wp-content\/uploads\/2024\/09\/1.-Schultag-1.2.Stufe_.jpg 2000w, https:\/\/vsdorfstetten.ac.at\/wp-content\/uploads\/2024\/09\/1.-Schultag-1.2.Stufe_-300x169.jpg 300w, https:\/\/vsdorfstetten.ac.at\/wp-content\/uploads\/2024\/09\/1.-Schultag-1.2.Stufe_-1024x577.jpg 1024w, https:\/\/vsdorfstetten.ac.at\/wp-content\/uploads\/2024\/09\/1.-Schultag-1.2.Stufe_-768x432.jpg 768w, https:\/\/vsdorfstetten.ac.at\/wp-content\/uploads\/2024\/09\/1.-Schultag-1.2.Stufe_-1536x865.jpg 1536w\" sizes=\"(max-width: 2000px) 100vw, 2000px\" \/><figcaption>Unsere 14 Sch\u00fclerInnen der 1. Klasse!<\/figcaption><\/figure>\n\n\n\n<figure class=\"wp-block-image size-large\"><img loading=\"lazy\" width=\"2000\" height=\"1126\" data-id=\"3516\"  src=\"https:\/\/vsdorfstetten.ac.at\/wp-content\/uploads\/2024\/09\/1.-Schultag-1.-Stufe.jpg\" alt=\"\" class=\"wp-image-3516\" srcset=\"https:\/\/vsdorfstetten.ac.at\/wp-content\/uploads\/2024\/09\/1.-Schultag-1.-Stufe.jpg 2000w, https:\/\/vsdorfstetten.ac.at\/wp-content\/uploads\/2024\/09\/1.-Schultag-1.-Stufe-300x169.jpg 300w, https:\/\/vsdorfstetten.ac.at\/wp-content\/uploads\/2024\/09\/1.-Schultag-1.-Stufe-1024x577.jpg 1024w, https:\/\/vsdorfstetten.ac.at\/wp-content\/uploads\/2024\/09\/1.-Schultag-1.-Stufe-768x432.jpg 768w, https:\/\/vsdorfstetten.ac.at\/wp-content\/uploads\/2024\/09\/1.-Schultag-1.-Stufe-1536x865.jpg 1536w\" sizes=\"(max-width: 2000px) 100vw, 2000px\" \/><figcaption>Herzlich wilkommen, liebe Schulanf\u00e4nger!<\/figcaption><\/figure>\n<\/figure>\n\n\n\n<figure class=\"wp-container-4 wp-block-gallery-3 wp-block-gallery has-nested-images columns-default is-cropped\">\n<figure class=\"wp-block-image size-large\"><img loading=\"lazy\" width=\"500\" height=\"430\" data-id=\"3747\"  src=\"https:\/\/vsdorfstetten.ac.at\/wp-content\/uploads\/2024\/12\/Schulanfang-2.jpg\" alt=\"\" class=\"wp-image-3747\" srcset=\"https:\/\/vsdorfstetten.ac.at\/wp-content\/uploads\/2024\/12\/Schulanfang-2.jpg 500w, https:\/\/vsdorfstetten.ac.at\/wp-content\/uploads\/2024\/12\/Schulanfang-2-300x258.jpg 300w\" sizes=\"(max-width: 500px) 100vw, 500px\" \/><\/figure>\n<\/figure>\n","protected":false},"excerpt":{"rendered":"<p>Am zweiten September begann f\u00fcr unsere Sch\u00fclerinnen und Sch\u00fcler das neue Schuljahr mit dem Er\u00f6ffnungsgottesdienst. Mit dabei waren auch unsere &hellip; <\/p>\n","protected":false},"author":1,"featured_media":0,"comment_status":"closed","ping_status":"closed","sticky":false,"template":"","format":"standard","meta":[],"categories":[1],"tags":[],"_links":{"self":[{"href":"https:\/\/vsdorfstetten.ac.at\/index.php\/wp-json\/wp\/v2\/posts\/3515"}],"collection":[{"href":"https:\/\/vsdorfstetten.ac.at\/index.php\/wp-json\/wp\/v2\/posts"}],"about":[{"href":"https:\/\/vsdorfstetten.ac.at\/index.php\/wp-json\/wp\/v2\/types\/post"}],"author":[{"embeddable":true,"href":"https:\/\/vsdorfstetten.ac.at\/index.php\/wp-json\/wp\/v2\/users\/1"}],"replies":[{"embeddable":true,"href":"https:\/\/vsdorfstetten.ac.at\/index.php\/wp-json\/wp\/v2\/comments?post=3515"}],"version-history":[{"count":5,"href":"https:\/\/vsdorfstetten.ac.at\/index.php\/wp-json\/wp\/v2\/posts\/3515\/revisions"}],"predecessor-version":[{"id":3748,"href":"https:\/\/vsdorfstetten.ac.at\/index.php\/wp-json\/wp\/v2\/posts\/3515\/revisions\/3748"}],"wp:attachment":[{"href":"https:\/\/vsdorfstetten.ac.at\/index.php\/wp-json\/wp\/v2\/media?parent=3515"}],"wp:term":[{"taxonomy":"category","embeddable":true,"href":"https:\/\/vsdorfstetten.ac.at\/index.php\/wp-json\/wp\/v2\/categories?post=3515"},{"taxonomy":"post_tag","embeddable":true,"href":"https:\/\/vsdorfstetten.ac.at\/index.php\/wp-json\/wp\/v2\/tags?post=3515"}],"curies":[{"name":"wp","href":"https:\/\/api.w.org\/{rel}","templated":true}]}}