{"id":3643,"date":"2024-10-29T14:16:45","date_gmt":"2024-10-29T14:16:45","guid":{"rendered":"https:\/\/vsdorfstetten.ac.at\/?p=3643"},"modified":"2024-10-29T14:16:45","modified_gmt":"2024-10-29T14:16:45","slug":"laubsaegearbeiten-in-beiden-klassen","status":"publish","type":"post","link":"https:\/\/vsdorfstetten.ac.at\/index.php\/2024\/10\/29\/laubsaegearbeiten-in-beiden-klassen\/","title":{"rendered":"Laubs\u00e4gearbeiten in beiden Klassen"},"content":{"rendered":"\n<p>Die Kinder der ersten Klasse sammelten im Oktober ihre ersten Erfahrungen mit dem Laubs\u00e4gen und stellten s\u00fc\u00dfe Igel her. Ihre Aufgabe war es, die Igel einzus\u00e4gen, sodass die Igelstacheln hineinstecken konnten.<\/p>\n\n\n\n<p>Die Kinder der zweiten Klasse arbeiteten seit dem Schulanfang an einem gr\u00f6\u00dferen Projekt. Sie erstellten ein Dosen-Tier. Der K\u00f6rper des Tieres besteht aus einer Dose, die Vorder- und R\u00fcckseite des Tieres mussten die Kinder sich selbst vorzeichnen und dann auss\u00e4gen. Dabei entstanden F\u00fcchse, Katzen, Hunde und viele Tiere mehr! <\/p>\n\n\n\n<figure class=\"wp-container-2 wp-block-gallery-1 wp-block-gallery has-nested-images columns-default is-cropped\">\n<figure class=\"wp-block-image size-large\"><img loading=\"lazy\" width=\"1024\" height=\"577\" data-id=\"3645\"  src=\"https:\/\/vsdorfstetten.ac.at\/wp-content\/uploads\/2024\/10\/IMG_20241018_114423-1024x577.jpg\" alt=\"\" class=\"wp-image-3645\" srcset=\"https:\/\/vsdorfstetten.ac.at\/wp-content\/uploads\/2024\/10\/IMG_20241018_114423-1024x577.jpg 1024w, https:\/\/vsdorfstetten.ac.at\/wp-content\/uploads\/2024\/10\/IMG_20241018_114423-300x169.jpg 300w, https:\/\/vsdorfstetten.ac.at\/wp-content\/uploads\/2024\/10\/IMG_20241018_114423-768x432.jpg 768w, https:\/\/vsdorfstetten.ac.at\/wp-content\/uploads\/2024\/10\/IMG_20241018_114423-1536x865.jpg 1536w, https:\/\/vsdorfstetten.ac.at\/wp-content\/uploads\/2024\/10\/IMG_20241018_114423.jpg 2000w\" sizes=\"(max-width: 1024px) 100vw, 1024px\" \/><\/figure>\n\n\n\n<figure class=\"wp-block-image size-large\"><img loading=\"lazy\" width=\"1024\" height=\"577\" data-id=\"3644\"  src=\"https:\/\/vsdorfstetten.ac.at\/wp-content\/uploads\/2024\/10\/IMG_20241018_114420-1024x577.jpg\" alt=\"\" class=\"wp-image-3644\" srcset=\"https:\/\/vsdorfstetten.ac.at\/wp-content\/uploads\/2024\/10\/IMG_20241018_114420-1024x577.jpg 1024w, https:\/\/vsdorfstetten.ac.at\/wp-content\/uploads\/2024\/10\/IMG_20241018_114420-300x169.jpg 300w, https:\/\/vsdorfstetten.ac.at\/wp-content\/uploads\/2024\/10\/IMG_20241018_114420-768x432.jpg 768w, https:\/\/vsdorfstetten.ac.at\/wp-content\/uploads\/2024\/10\/IMG_20241018_114420-1536x865.jpg 1536w, https:\/\/vsdorfstetten.ac.at\/wp-content\/uploads\/2024\/10\/IMG_20241018_114420.jpg 2000w\" sizes=\"(max-width: 1024px) 100vw, 1024px\" \/><\/figure>\n<\/figure>\n","protected":false},"excerpt":{"rendered":"<p>Die Kinder der ersten Klasse sammelten im Oktober ihre ersten Erfahrungen mit dem Laubs\u00e4gen und stellten s\u00fc\u00dfe Igel her. Ihre &hellip; <\/p>\n","protected":false},"author":1,"featured_media":0,"comment_status":"closed","ping_status":"closed","sticky":false,"template":"","format":"standard","meta":[],"categories":[1],"tags":[],"_links":{"self":[{"href":"https:\/\/vsdorfstetten.ac.at\/index.php\/wp-json\/wp\/v2\/posts\/3643"}],"collection":[{"href":"https:\/\/vsdorfstetten.ac.at\/index.php\/wp-json\/wp\/v2\/posts"}],"about":[{"href":"https:\/\/vsdorfstetten.ac.at\/index.php\/wp-json\/wp\/v2\/types\/post"}],"author":[{"embeddable":true,"href":"https:\/\/vsdorfstetten.ac.at\/index.php\/wp-json\/wp\/v2\/users\/1"}],"replies":[{"embeddable":true,"href":"https:\/\/vsdorfstetten.ac.at\/index.php\/wp-json\/wp\/v2\/comments?post=3643"}],"version-history":[{"count":1,"href":"https:\/\/vsdorfstetten.ac.at\/index.php\/wp-json\/wp\/v2\/posts\/3643\/revisions"}],"predecessor-version":[{"id":3646,"href":"https:\/\/vsdorfstetten.ac.at\/index.php\/wp-json\/wp\/v2\/posts\/3643\/revisions\/3646"}],"wp:attachment":[{"href":"https:\/\/vsdorfstetten.ac.at\/index.php\/wp-json\/wp\/v2\/media?parent=3643"}],"wp:term":[{"taxonomy":"category","embeddable":true,"href":"https:\/\/vsdorfstetten.ac.at\/index.php\/wp-json\/wp\/v2\/categories?post=3643"},{"taxonomy":"post_tag","embeddable":true,"href":"https:\/\/vsdorfstetten.ac.at\/index.php\/wp-json\/wp\/v2\/tags?post=3643"}],"curies":[{"name":"wp","href":"https:\/\/api.w.org\/{rel}","templated":true}]}}