{"id":3653,"date":"2024-11-06T12:06:00","date_gmt":"2024-11-06T12:06:00","guid":{"rendered":"https:\/\/vsdorfstetten.ac.at\/?p=3653"},"modified":"2024-11-10T12:08:28","modified_gmt":"2024-11-10T12:08:28","slug":"waldpaedagogik-4","status":"publish","type":"post","link":"https:\/\/vsdorfstetten.ac.at\/index.php\/2024\/11\/06\/waldpaedagogik-4\/","title":{"rendered":"Waldp\u00e4dagogik"},"content":{"rendered":"\n<p>Am 4.Oktober 2024 fand der Wandertag mit Schwerpunkt Waldp\u00e4dagogik der 3. und 4. Schulstufe statt. An diesem Tag bereiteten einige J\u00e4ger und J\u00e4gerinnen aus der Gemeinde sehr viele informative Stationen \u00fcber den Wald und die Tiere des Waldes vor. Die Kinder konnten diese in Kleingruppen ausprobieren. Die Sch\u00fcler und Sch\u00fclerinnen waren mit viel Motivation und Neugierde bei der Sache. Herzlichen Dank an alle J\u00e4ger und J\u00e4gerinnen f\u00fcr diese lehrreichen Stunden!<\/p>\n\n\n\n<figure class=\"wp-container-2 wp-block-gallery-1 wp-block-gallery has-nested-images columns-default is-cropped\">\n<figure class=\"wp-block-image size-large\"><img loading=\"lazy\" width=\"768\" height=\"1024\" data-id=\"3687\"  src=\"https:\/\/vsdorfstetten.ac.at\/wp-content\/uploads\/2024\/11\/IMG_20241004_085045-768x1024.jpg\" alt=\"\" class=\"wp-image-3687\" srcset=\"https:\/\/vsdorfstetten.ac.at\/wp-content\/uploads\/2024\/11\/IMG_20241004_085045-768x1023.jpg 768w, https:\/\/vsdorfstetten.ac.at\/wp-content\/uploads\/2024\/11\/IMG_20241004_085045-225x300.jpg 225w, https:\/\/vsdorfstetten.ac.at\/wp-content\/uploads\/2024\/11\/IMG_20241004_085045.jpg 800w\" sizes=\"(max-width: 768px) 100vw, 768px\" \/><\/figure>\n\n\n\n<figure class=\"wp-block-image size-large\"><img loading=\"lazy\" width=\"768\" height=\"1024\" data-id=\"3685\"  src=\"https:\/\/vsdorfstetten.ac.at\/wp-content\/uploads\/2024\/11\/IMG_20241004_085237-768x1024.jpg\" alt=\"\" class=\"wp-image-3685\" srcset=\"https:\/\/vsdorfstetten.ac.at\/wp-content\/uploads\/2024\/11\/IMG_20241004_085237-768x1023.jpg 768w, https:\/\/vsdorfstetten.ac.at\/wp-content\/uploads\/2024\/11\/IMG_20241004_085237-225x300.jpg 225w, https:\/\/vsdorfstetten.ac.at\/wp-content\/uploads\/2024\/11\/IMG_20241004_085237.jpg 800w\" sizes=\"(max-width: 768px) 100vw, 768px\" \/><\/figure>\n\n\n\n<figure class=\"wp-block-image size-large\"><img loading=\"lazy\" width=\"800\" height=\"600\" data-id=\"3683\"  src=\"https:\/\/vsdorfstetten.ac.at\/wp-content\/uploads\/2024\/11\/IMG_20241004_091516.jpg\" alt=\"\" class=\"wp-image-3683\" srcset=\"https:\/\/vsdorfstetten.ac.at\/wp-content\/uploads\/2024\/11\/IMG_20241004_091516.jpg 800w, https:\/\/vsdorfstetten.ac.at\/wp-content\/uploads\/2024\/11\/IMG_20241004_091516-300x225.jpg 300w, https:\/\/vsdorfstetten.ac.at\/wp-content\/uploads\/2024\/11\/IMG_20241004_091516-768x576.jpg 768w\" sizes=\"(max-width: 800px) 100vw, 800px\" \/><\/figure>\n\n\n\n<figure class=\"wp-block-image size-large\"><img loading=\"lazy\" width=\"800\" height=\"600\" data-id=\"3681\"  src=\"https:\/\/vsdorfstetten.ac.at\/wp-content\/uploads\/2024\/11\/IMG_20241004_092418.jpg\" alt=\"\" class=\"wp-image-3681\" srcset=\"https:\/\/vsdorfstetten.ac.at\/wp-content\/uploads\/2024\/11\/IMG_20241004_092418.jpg 800w, https:\/\/vsdorfstetten.ac.at\/wp-content\/uploads\/2024\/11\/IMG_20241004_092418-300x225.jpg 300w, https:\/\/vsdorfstetten.ac.at\/wp-content\/uploads\/2024\/11\/IMG_20241004_092418-768x576.jpg 768w\" sizes=\"(max-width: 800px) 100vw, 800px\" \/><\/figure>\n\n\n\n<figure class=\"wp-block-image size-large\"><img loading=\"lazy\" width=\"800\" height=\"600\" data-id=\"3686\"  src=\"https:\/\/vsdorfstetten.ac.at\/wp-content\/uploads\/2024\/11\/IMG_20241004_094920.jpg\" alt=\"\" class=\"wp-image-3686\" srcset=\"https:\/\/vsdorfstetten.ac.at\/wp-content\/uploads\/2024\/11\/IMG_20241004_094920.jpg 800w, https:\/\/vsdorfstetten.ac.at\/wp-content\/uploads\/2024\/11\/IMG_20241004_094920-300x225.jpg 300w, https:\/\/vsdorfstetten.ac.at\/wp-content\/uploads\/2024\/11\/IMG_20241004_094920-768x576.jpg 768w\" sizes=\"(max-width: 800px) 100vw, 800px\" \/><\/figure>\n<\/figure>\n\n\n\n<figure class=\"wp-container-4 wp-block-gallery-3 wp-block-gallery has-nested-images columns-default is-cropped\">\n<figure class=\"wp-block-image size-large\"><img loading=\"lazy\" width=\"800\" height=\"600\" data-id=\"3686\"  src=\"https:\/\/vsdorfstetten.ac.at\/wp-content\/uploads\/2024\/11\/IMG_20241004_094920.jpg\" alt=\"\" class=\"wp-image-3686\" srcset=\"https:\/\/vsdorfstetten.ac.at\/wp-content\/uploads\/2024\/11\/IMG_20241004_094920.jpg 800w, https:\/\/vsdorfstetten.ac.at\/wp-content\/uploads\/2024\/11\/IMG_20241004_094920-300x225.jpg 300w, https:\/\/vsdorfstetten.ac.at\/wp-content\/uploads\/2024\/11\/IMG_20241004_094920-768x576.jpg 768w\" sizes=\"(max-width: 800px) 100vw, 800px\" \/><\/figure>\n\n\n\n<figure class=\"wp-block-image size-large\"><img loading=\"lazy\" width=\"800\" height=\"600\" data-id=\"3682\"  src=\"https:\/\/vsdorfstetten.ac.at\/wp-content\/uploads\/2024\/11\/IMG_20241004_082325.jpg\" alt=\"\" class=\"wp-image-3682\" srcset=\"https:\/\/vsdorfstetten.ac.at\/wp-content\/uploads\/2024\/11\/IMG_20241004_082325.jpg 800w, https:\/\/vsdorfstetten.ac.at\/wp-content\/uploads\/2024\/11\/IMG_20241004_082325-300x225.jpg 300w, https:\/\/vsdorfstetten.ac.at\/wp-content\/uploads\/2024\/11\/IMG_20241004_082325-768x576.jpg 768w\" sizes=\"(max-width: 800px) 100vw, 800px\" \/><\/figure>\n<\/figure>\n\n\n<div class=\"wp-block-image\">\n<figure class=\"aligncenter size-full\"><img loading=\"lazy\" width=\"800\" height=\"600\" src=\"https:\/\/vsdorfstetten.ac.at\/wp-content\/uploads\/2024\/11\/IMG_20241004_101626.jpg\" alt=\"\" class=\"wp-image-3688\" srcset=\"https:\/\/vsdorfstetten.ac.at\/wp-content\/uploads\/2024\/11\/IMG_20241004_101626.jpg 800w, https:\/\/vsdorfstetten.ac.at\/wp-content\/uploads\/2024\/11\/IMG_20241004_101626-300x225.jpg 300w, https:\/\/vsdorfstetten.ac.at\/wp-content\/uploads\/2024\/11\/IMG_20241004_101626-768x576.jpg 768w\" sizes=\"(max-width: 800px) 100vw, 800px\" \/><\/figure><\/div>","protected":false},"excerpt":{"rendered":"<p>Am 4.Oktober 2024 fand der Wandertag mit Schwerpunkt Waldp\u00e4dagogik der 3. und 4. Schulstufe statt. An diesem Tag bereiteten einige &hellip; <\/p>\n","protected":false},"author":1,"featured_media":0,"comment_status":"closed","ping_status":"closed","sticky":false,"template":"","format":"standard","meta":[],"categories":[1],"tags":[],"_links":{"self":[{"href":"https:\/\/vsdorfstetten.ac.at\/index.php\/wp-json\/wp\/v2\/posts\/3653"}],"collection":[{"href":"https:\/\/vsdorfstetten.ac.at\/index.php\/wp-json\/wp\/v2\/posts"}],"about":[{"href":"https:\/\/vsdorfstetten.ac.at\/index.php\/wp-json\/wp\/v2\/types\/post"}],"author":[{"embeddable":true,"href":"https:\/\/vsdorfstetten.ac.at\/index.php\/wp-json\/wp\/v2\/users\/1"}],"replies":[{"embeddable":true,"href":"https:\/\/vsdorfstetten.ac.at\/index.php\/wp-json\/wp\/v2\/comments?post=3653"}],"version-history":[{"count":5,"href":"https:\/\/vsdorfstetten.ac.at\/index.php\/wp-json\/wp\/v2\/posts\/3653\/revisions"}],"predecessor-version":[{"id":3689,"href":"https:\/\/vsdorfstetten.ac.at\/index.php\/wp-json\/wp\/v2\/posts\/3653\/revisions\/3689"}],"wp:attachment":[{"href":"https:\/\/vsdorfstetten.ac.at\/index.php\/wp-json\/wp\/v2\/media?parent=3653"}],"wp:term":[{"taxonomy":"category","embeddable":true,"href":"https:\/\/vsdorfstetten.ac.at\/index.php\/wp-json\/wp\/v2\/categories?post=3653"},{"taxonomy":"post_tag","embeddable":true,"href":"https:\/\/vsdorfstetten.ac.at\/index.php\/wp-json\/wp\/v2\/tags?post=3653"}],"curies":[{"name":"wp","href":"https:\/\/api.w.org\/{rel}","templated":true}]}}