{"id":3655,"date":"2024-11-07T12:02:00","date_gmt":"2024-11-07T12:02:00","guid":{"rendered":"https:\/\/vsdorfstetten.ac.at\/?p=3655"},"modified":"2024-11-10T12:08:19","modified_gmt":"2024-11-10T12:08:19","slug":"radfahrworkshop-2","status":"publish","type":"post","link":"https:\/\/vsdorfstetten.ac.at\/index.php\/2024\/11\/07\/radfahrworkshop-2\/","title":{"rendered":"Radfahrworkshop"},"content":{"rendered":"\n<p>Die Sch\u00fcler und Sch\u00fclerinnen der 3. und 4. Schulstufe durften bei der Aktion &#8222;klimaaktiv mobil Radfahrkurs&#8220; teilnehmen. <\/p>\n\n\n\n<p>Zu Beginn wurde der Helm bei allen Kindern richtig eingestellt und das Fahrrad auf Verkehrst\u00fcchtigkeit gepr\u00fcft. Danach ging es in Kleingruppen gleich los auf die Stra\u00dfe. Das Starten und Bremsen wurde ge\u00fcbt und vorbereitend auf die Radfahrpr\u00fcfung wurden das richtige Abbiegen und der Schulterblick trainiert.<\/p>\n\n\n\n<p><\/p>\n\n\n\n<figure class=\"wp-container-2 wp-block-gallery-1 wp-block-gallery has-nested-images columns-default is-cropped\">\n<figure class=\"wp-block-image size-large\"><img loading=\"lazy\" width=\"800\" height=\"600\" data-id=\"3677\"  src=\"https:\/\/vsdorfstetten.ac.at\/wp-content\/uploads\/2024\/11\/IMG_20241007_075503.jpg\" alt=\"\" class=\"wp-image-3677\" srcset=\"https:\/\/vsdorfstetten.ac.at\/wp-content\/uploads\/2024\/11\/IMG_20241007_075503.jpg 800w, https:\/\/vsdorfstetten.ac.at\/wp-content\/uploads\/2024\/11\/IMG_20241007_075503-300x225.jpg 300w, https:\/\/vsdorfstetten.ac.at\/wp-content\/uploads\/2024\/11\/IMG_20241007_075503-768x576.jpg 768w\" sizes=\"(max-width: 800px) 100vw, 800px\" \/><\/figure>\n\n\n\n<figure class=\"wp-block-image size-large\"><img loading=\"lazy\" width=\"800\" height=\"600\" data-id=\"3678\"  src=\"https:\/\/vsdorfstetten.ac.at\/wp-content\/uploads\/2024\/11\/IMG_20241007_080606.jpg\" alt=\"\" class=\"wp-image-3678\" srcset=\"https:\/\/vsdorfstetten.ac.at\/wp-content\/uploads\/2024\/11\/IMG_20241007_080606.jpg 800w, https:\/\/vsdorfstetten.ac.at\/wp-content\/uploads\/2024\/11\/IMG_20241007_080606-300x225.jpg 300w, https:\/\/vsdorfstetten.ac.at\/wp-content\/uploads\/2024\/11\/IMG_20241007_080606-768x576.jpg 768w\" sizes=\"(max-width: 800px) 100vw, 800px\" \/><\/figure>\n\n\n\n<figure class=\"wp-block-image size-large\"><img loading=\"lazy\" width=\"768\" height=\"1024\" data-id=\"3679\"  src=\"https:\/\/vsdorfstetten.ac.at\/wp-content\/uploads\/2024\/11\/IMG_20241007_100714-768x1024.jpg\" alt=\"\" class=\"wp-image-3679\" srcset=\"https:\/\/vsdorfstetten.ac.at\/wp-content\/uploads\/2024\/11\/IMG_20241007_100714-768x1023.jpg 768w, https:\/\/vsdorfstetten.ac.at\/wp-content\/uploads\/2024\/11\/IMG_20241007_100714-225x300.jpg 225w, https:\/\/vsdorfstetten.ac.at\/wp-content\/uploads\/2024\/11\/IMG_20241007_100714.jpg 800w\" sizes=\"(max-width: 768px) 100vw, 768px\" \/><\/figure>\n<\/figure>\n","protected":false},"excerpt":{"rendered":"<p>Die Sch\u00fcler und Sch\u00fclerinnen der 3. und 4. Schulstufe durften bei der Aktion &#8222;klimaaktiv mobil Radfahrkurs&#8220; teilnehmen. Zu Beginn wurde &hellip; <\/p>\n","protected":false},"author":1,"featured_media":0,"comment_status":"closed","ping_status":"closed","sticky":false,"template":"","format":"standard","meta":[],"categories":[1],"tags":[],"_links":{"self":[{"href":"https:\/\/vsdorfstetten.ac.at\/index.php\/wp-json\/wp\/v2\/posts\/3655"}],"collection":[{"href":"https:\/\/vsdorfstetten.ac.at\/index.php\/wp-json\/wp\/v2\/posts"}],"about":[{"href":"https:\/\/vsdorfstetten.ac.at\/index.php\/wp-json\/wp\/v2\/types\/post"}],"author":[{"embeddable":true,"href":"https:\/\/vsdorfstetten.ac.at\/index.php\/wp-json\/wp\/v2\/users\/1"}],"replies":[{"embeddable":true,"href":"https:\/\/vsdorfstetten.ac.at\/index.php\/wp-json\/wp\/v2\/comments?post=3655"}],"version-history":[{"count":5,"href":"https:\/\/vsdorfstetten.ac.at\/index.php\/wp-json\/wp\/v2\/posts\/3655\/revisions"}],"predecessor-version":[{"id":3680,"href":"https:\/\/vsdorfstetten.ac.at\/index.php\/wp-json\/wp\/v2\/posts\/3655\/revisions\/3680"}],"wp:attachment":[{"href":"https:\/\/vsdorfstetten.ac.at\/index.php\/wp-json\/wp\/v2\/media?parent=3655"}],"wp:term":[{"taxonomy":"category","embeddable":true,"href":"https:\/\/vsdorfstetten.ac.at\/index.php\/wp-json\/wp\/v2\/categories?post=3655"},{"taxonomy":"post_tag","embeddable":true,"href":"https:\/\/vsdorfstetten.ac.at\/index.php\/wp-json\/wp\/v2\/tags?post=3655"}],"curies":[{"name":"wp","href":"https:\/\/api.w.org\/{rel}","templated":true}]}}