{"id":3659,"date":"2024-11-10T00:05:00","date_gmt":"2024-11-10T00:05:00","guid":{"rendered":"https:\/\/vsdorfstetten.ac.at\/?p=3659"},"modified":"2024-11-25T10:11:40","modified_gmt":"2024-11-25T10:11:40","slug":"juhu-alle-geschafft","status":"publish","type":"post","link":"https:\/\/vsdorfstetten.ac.at\/index.php\/2024\/11\/10\/juhu-alle-geschafft\/","title":{"rendered":"Juhu, alle geschafft!"},"content":{"rendered":"\n<p>F\u00fcr die Kinder der 4.Schulstufe fand am 22.10.2024 ein wichtiges Ereignis statt. Nachdem alle Sch\u00fcler und Sch\u00fclerinnen die theoretische Radfahrpr\u00fcfung bestanden hatten, durften sie zum praktischen Teil antreten. Wir gratulieren ihnen recht herzlich zu ihrem gro\u00dfen Erfolg! Jetzt gibt es 6 frischgebackene, stolze Radf\u00fchrerschein-Besitzer mehr in der Gemeinde!<\/p>\n\n\n\n<p>Herzlichen Dank an die Raiffeisenbank Perg f\u00fcr die kleine \u00dcberraschung zur bestandenen Pr\u00fcfung.<\/p>\n\n\n<div class=\"wp-block-image\">\n<figure class=\"aligncenter size-full is-resized\"><img loading=\"lazy\" src=\"https:\/\/vsdorfstetten.ac.at\/wp-content\/uploads\/2024\/11\/IMG_20241108_095937.jpg\" alt=\"\" class=\"wp-image-3670\" width=\"732\" height=\"549\" srcset=\"https:\/\/vsdorfstetten.ac.at\/wp-content\/uploads\/2024\/11\/IMG_20241108_095937.jpg 800w, https:\/\/vsdorfstetten.ac.at\/wp-content\/uploads\/2024\/11\/IMG_20241108_095937-300x225.jpg 300w, https:\/\/vsdorfstetten.ac.at\/wp-content\/uploads\/2024\/11\/IMG_20241108_095937-768x576.jpg 768w\" sizes=\"(max-width: 732px) 100vw, 732px\" \/><\/figure><\/div>\n\n\n<p><\/p>\n\n\n<div class=\"wp-block-image\">\n<figure class=\"aligncenter size-large is-resized\"><img loading=\"lazy\" src=\"https:\/\/vsdorfstetten.ac.at\/wp-content\/uploads\/2024\/11\/IMG_20241118_080157-1024x768.jpg\" alt=\"\" class=\"wp-image-3698\" width=\"-39\" height=\"-28\" srcset=\"https:\/\/vsdorfstetten.ac.at\/wp-content\/uploads\/2024\/11\/IMG_20241118_080157-1024x768.jpg 1024w, https:\/\/vsdorfstetten.ac.at\/wp-content\/uploads\/2024\/11\/IMG_20241118_080157-300x225.jpg 300w, https:\/\/vsdorfstetten.ac.at\/wp-content\/uploads\/2024\/11\/IMG_20241118_080157-768x576.jpg 768w, https:\/\/vsdorfstetten.ac.at\/wp-content\/uploads\/2024\/11\/IMG_20241118_080157-1536x1152.jpg 1536w, https:\/\/vsdorfstetten.ac.at\/wp-content\/uploads\/2024\/11\/IMG_20241118_080157-2048x1536.jpg 2048w\" sizes=\"(max-width: 1024px) 100vw, 1024px\" \/><\/figure><\/div>","protected":false},"excerpt":{"rendered":"<p>F\u00fcr die Kinder der 4.Schulstufe fand am 22.10.2024 ein wichtiges Ereignis statt. Nachdem alle Sch\u00fcler und Sch\u00fclerinnen die theoretische Radfahrpr\u00fcfung &hellip; <\/p>\n","protected":false},"author":1,"featured_media":0,"comment_status":"closed","ping_status":"closed","sticky":false,"template":"","format":"standard","meta":[],"categories":[1],"tags":[],"_links":{"self":[{"href":"https:\/\/vsdorfstetten.ac.at\/index.php\/wp-json\/wp\/v2\/posts\/3659"}],"collection":[{"href":"https:\/\/vsdorfstetten.ac.at\/index.php\/wp-json\/wp\/v2\/posts"}],"about":[{"href":"https:\/\/vsdorfstetten.ac.at\/index.php\/wp-json\/wp\/v2\/types\/post"}],"author":[{"embeddable":true,"href":"https:\/\/vsdorfstetten.ac.at\/index.php\/wp-json\/wp\/v2\/users\/1"}],"replies":[{"embeddable":true,"href":"https:\/\/vsdorfstetten.ac.at\/index.php\/wp-json\/wp\/v2\/comments?post=3659"}],"version-history":[{"count":7,"href":"https:\/\/vsdorfstetten.ac.at\/index.php\/wp-json\/wp\/v2\/posts\/3659\/revisions"}],"predecessor-version":[{"id":3699,"href":"https:\/\/vsdorfstetten.ac.at\/index.php\/wp-json\/wp\/v2\/posts\/3659\/revisions\/3699"}],"wp:attachment":[{"href":"https:\/\/vsdorfstetten.ac.at\/index.php\/wp-json\/wp\/v2\/media?parent=3659"}],"wp:term":[{"taxonomy":"category","embeddable":true,"href":"https:\/\/vsdorfstetten.ac.at\/index.php\/wp-json\/wp\/v2\/categories?post=3659"},{"taxonomy":"post_tag","embeddable":true,"href":"https:\/\/vsdorfstetten.ac.at\/index.php\/wp-json\/wp\/v2\/tags?post=3659"}],"curies":[{"name":"wp","href":"https:\/\/api.w.org\/{rel}","templated":true}]}}