{"id":3692,"date":"2024-11-11T13:28:09","date_gmt":"2024-11-11T13:28:09","guid":{"rendered":"https:\/\/vsdorfstetten.ac.at\/?p=3692"},"modified":"2024-11-11T13:28:09","modified_gmt":"2024-11-11T13:28:09","slug":"neue-kunstwerke","status":"publish","type":"post","link":"https:\/\/vsdorfstetten.ac.at\/index.php\/2024\/11\/11\/neue-kunstwerke\/","title":{"rendered":"Neue Kunstwerke"},"content":{"rendered":"\n<p>Im Freifach &#8222;Kreatives Gestalten&#8220; bastelten die Kinder nach der Fertigstellung ihrer Sonnenblumen eine Seerose aus einem Pappteller und Seidenpapier. Alle zusammen aufgeh\u00e4ngt, ergibt sich ein wundersch\u00f6nes Wandbild!<\/p>\n\n\n\n<p>In der ersten Klasse gestalteten die Kinder Monster. Dazu wurde mit den Wasserfarben ein deckend und ein lasierend gemaltes Blatt gestaltet und dann das Monster und die F\u00fc\u00dfe ausgeschnitten, aufgeklebt und nach pers\u00f6nlichem Gefallen ausgestaltet.<\/p>\n\n\n\n<figure class=\"wp-container-2 wp-block-gallery-1 wp-block-gallery has-nested-images columns-default is-cropped\">\n<figure class=\"wp-block-image size-large\"><img loading=\"lazy\" width=\"1024\" height=\"577\" data-id=\"3693\"  src=\"https:\/\/vsdorfstetten.ac.at\/wp-content\/uploads\/2024\/11\/IMG_20241111_114214-1024x577.jpg\" alt=\"\" class=\"wp-image-3693\" srcset=\"https:\/\/vsdorfstetten.ac.at\/wp-content\/uploads\/2024\/11\/IMG_20241111_114214-1024x577.jpg 1024w, https:\/\/vsdorfstetten.ac.at\/wp-content\/uploads\/2024\/11\/IMG_20241111_114214-300x169.jpg 300w, https:\/\/vsdorfstetten.ac.at\/wp-content\/uploads\/2024\/11\/IMG_20241111_114214-768x432.jpg 768w, https:\/\/vsdorfstetten.ac.at\/wp-content\/uploads\/2024\/11\/IMG_20241111_114214-1536x865.jpg 1536w, https:\/\/vsdorfstetten.ac.at\/wp-content\/uploads\/2024\/11\/IMG_20241111_114214.jpg 2000w\" sizes=\"(max-width: 1024px) 100vw, 1024px\" \/><\/figure>\n\n\n\n<figure class=\"wp-block-image size-large\"><img loading=\"lazy\" width=\"1024\" height=\"788\" data-id=\"3694\"  src=\"https:\/\/vsdorfstetten.ac.at\/wp-content\/uploads\/2024\/11\/IMG_20241108_1026081-1024x788.jpg\" alt=\"\" class=\"wp-image-3694\" srcset=\"https:\/\/vsdorfstetten.ac.at\/wp-content\/uploads\/2024\/11\/IMG_20241108_1026081-1024x788.jpg 1024w, https:\/\/vsdorfstetten.ac.at\/wp-content\/uploads\/2024\/11\/IMG_20241108_1026081-300x231.jpg 300w, https:\/\/vsdorfstetten.ac.at\/wp-content\/uploads\/2024\/11\/IMG_20241108_1026081-768x591.jpg 768w, https:\/\/vsdorfstetten.ac.at\/wp-content\/uploads\/2024\/11\/IMG_20241108_1026081-1536x1182.jpg 1536w, https:\/\/vsdorfstetten.ac.at\/wp-content\/uploads\/2024\/11\/IMG_20241108_1026081-2048x1576.jpg 2048w\" sizes=\"(max-width: 1024px) 100vw, 1024px\" \/><\/figure>\n<\/figure>\n","protected":false},"excerpt":{"rendered":"<p>Im Freifach &#8222;Kreatives Gestalten&#8220; bastelten die Kinder nach der Fertigstellung ihrer Sonnenblumen eine Seerose aus einem Pappteller und Seidenpapier. Alle &hellip; <\/p>\n","protected":false},"author":1,"featured_media":0,"comment_status":"closed","ping_status":"closed","sticky":false,"template":"","format":"standard","meta":[],"categories":[1],"tags":[],"_links":{"self":[{"href":"https:\/\/vsdorfstetten.ac.at\/index.php\/wp-json\/wp\/v2\/posts\/3692"}],"collection":[{"href":"https:\/\/vsdorfstetten.ac.at\/index.php\/wp-json\/wp\/v2\/posts"}],"about":[{"href":"https:\/\/vsdorfstetten.ac.at\/index.php\/wp-json\/wp\/v2\/types\/post"}],"author":[{"embeddable":true,"href":"https:\/\/vsdorfstetten.ac.at\/index.php\/wp-json\/wp\/v2\/users\/1"}],"replies":[{"embeddable":true,"href":"https:\/\/vsdorfstetten.ac.at\/index.php\/wp-json\/wp\/v2\/comments?post=3692"}],"version-history":[{"count":1,"href":"https:\/\/vsdorfstetten.ac.at\/index.php\/wp-json\/wp\/v2\/posts\/3692\/revisions"}],"predecessor-version":[{"id":3695,"href":"https:\/\/vsdorfstetten.ac.at\/index.php\/wp-json\/wp\/v2\/posts\/3692\/revisions\/3695"}],"wp:attachment":[{"href":"https:\/\/vsdorfstetten.ac.at\/index.php\/wp-json\/wp\/v2\/media?parent=3692"}],"wp:term":[{"taxonomy":"category","embeddable":true,"href":"https:\/\/vsdorfstetten.ac.at\/index.php\/wp-json\/wp\/v2\/categories?post=3692"},{"taxonomy":"post_tag","embeddable":true,"href":"https:\/\/vsdorfstetten.ac.at\/index.php\/wp-json\/wp\/v2\/tags?post=3692"}],"curies":[{"name":"wp","href":"https:\/\/api.w.org\/{rel}","templated":true}]}}