{"id":3734,"date":"2024-12-10T10:24:42","date_gmt":"2024-12-10T10:24:42","guid":{"rendered":"https:\/\/vsdorfstetten.ac.at\/?p=3734"},"modified":"2024-12-10T10:26:55","modified_gmt":"2024-12-10T10:26:55","slug":"besuch-des-nikol","status":"publish","type":"post","link":"https:\/\/vsdorfstetten.ac.at\/index.php\/2024\/12\/10\/besuch-des-nikol\/","title":{"rendered":"Besuch vom Nikolaus"},"content":{"rendered":"\n<p>Am 6. Dezember durften unsere Sch\u00fclerinnen und Sch\u00fcler den Nikolaus in der Volksschule begr\u00fc\u00dfen! <\/p>\n\n\n\n<p>In seiner traditionellen Mitra und mit einem L\u00e4cheln auf den Lippen sprach der Nikolaus zu allen Kindern in der Schulgemeinschaft und lobte ihr gutes Verhalten und ihre Fortschritte.<\/p>\n\n\n\n<p>Er nutzte die Gelegenheit, um die Kinder zu ermutigen, weiterhin freundlich und hilfsbereit zu sein. Der Nikolaus betonte, dass wahre Geschenke nicht nur aus S\u00fc\u00dfigkeiten bestehen, sondern auch aus guten Taten und einem respektvollen Umgang miteinander.<\/p>\n\n\n\n<p>Der Besuch war ein sch\u00f6ner Moment, um die Vorfreude auf das Weihnachtsfest zu teilen und die Werte der Gemeinschaft zu st\u00e4rken.<\/p>\n\n\n\n<figure class=\"wp-container-2 wp-block-gallery-1 wp-block-gallery has-nested-images columns-default is-cropped\">\n<figure class=\"wp-block-image size-large\"><img loading=\"lazy\" width=\"900\" height=\"675\" data-id=\"3738\"  src=\"https:\/\/vsdorfstetten.ac.at\/wp-content\/uploads\/2024\/12\/IMG_20241206_110139.jpg\" alt=\"\" class=\"wp-image-3738\" srcset=\"https:\/\/vsdorfstetten.ac.at\/wp-content\/uploads\/2024\/12\/IMG_20241206_110139.jpg 900w, https:\/\/vsdorfstetten.ac.at\/wp-content\/uploads\/2024\/12\/IMG_20241206_110139-300x225.jpg 300w, https:\/\/vsdorfstetten.ac.at\/wp-content\/uploads\/2024\/12\/IMG_20241206_110139-768x576.jpg 768w\" sizes=\"(max-width: 900px) 100vw, 900px\" \/><\/figure>\n\n\n\n<figure class=\"wp-block-image size-large\"><img loading=\"lazy\" width=\"800\" height=\"600\" data-id=\"3735\"  src=\"https:\/\/vsdorfstetten.ac.at\/wp-content\/uploads\/2024\/12\/IMG_20241206_110155.jpg\" alt=\"\" class=\"wp-image-3735\" srcset=\"https:\/\/vsdorfstetten.ac.at\/wp-content\/uploads\/2024\/12\/IMG_20241206_110155.jpg 800w, https:\/\/vsdorfstetten.ac.at\/wp-content\/uploads\/2024\/12\/IMG_20241206_110155-300x225.jpg 300w, https:\/\/vsdorfstetten.ac.at\/wp-content\/uploads\/2024\/12\/IMG_20241206_110155-768x576.jpg 768w\" sizes=\"(max-width: 800px) 100vw, 800px\" \/><\/figure>\n\n\n\n<figure class=\"wp-block-image size-large\"><img loading=\"lazy\" width=\"800\" height=\"600\" data-id=\"3737\"  src=\"https:\/\/vsdorfstetten.ac.at\/wp-content\/uploads\/2024\/12\/IMG_20241206_110326.jpg\" alt=\"\" class=\"wp-image-3737\" srcset=\"https:\/\/vsdorfstetten.ac.at\/wp-content\/uploads\/2024\/12\/IMG_20241206_110326.jpg 800w, https:\/\/vsdorfstetten.ac.at\/wp-content\/uploads\/2024\/12\/IMG_20241206_110326-300x225.jpg 300w, https:\/\/vsdorfstetten.ac.at\/wp-content\/uploads\/2024\/12\/IMG_20241206_110326-768x576.jpg 768w\" sizes=\"(max-width: 800px) 100vw, 800px\" \/><\/figure>\n<\/figure>\n","protected":false},"excerpt":{"rendered":"<p>Am 6. Dezember durften unsere Sch\u00fclerinnen und Sch\u00fcler den Nikolaus in der Volksschule begr\u00fc\u00dfen! In seiner traditionellen Mitra und mit &hellip; <\/p>\n","protected":false},"author":1,"featured_media":0,"comment_status":"closed","ping_status":"closed","sticky":false,"template":"","format":"standard","meta":[],"categories":[1],"tags":[],"_links":{"self":[{"href":"https:\/\/vsdorfstetten.ac.at\/index.php\/wp-json\/wp\/v2\/posts\/3734"}],"collection":[{"href":"https:\/\/vsdorfstetten.ac.at\/index.php\/wp-json\/wp\/v2\/posts"}],"about":[{"href":"https:\/\/vsdorfstetten.ac.at\/index.php\/wp-json\/wp\/v2\/types\/post"}],"author":[{"embeddable":true,"href":"https:\/\/vsdorfstetten.ac.at\/index.php\/wp-json\/wp\/v2\/users\/1"}],"replies":[{"embeddable":true,"href":"https:\/\/vsdorfstetten.ac.at\/index.php\/wp-json\/wp\/v2\/comments?post=3734"}],"version-history":[{"count":3,"href":"https:\/\/vsdorfstetten.ac.at\/index.php\/wp-json\/wp\/v2\/posts\/3734\/revisions"}],"predecessor-version":[{"id":3741,"href":"https:\/\/vsdorfstetten.ac.at\/index.php\/wp-json\/wp\/v2\/posts\/3734\/revisions\/3741"}],"wp:attachment":[{"href":"https:\/\/vsdorfstetten.ac.at\/index.php\/wp-json\/wp\/v2\/media?parent=3734"}],"wp:term":[{"taxonomy":"category","embeddable":true,"href":"https:\/\/vsdorfstetten.ac.at\/index.php\/wp-json\/wp\/v2\/categories?post=3734"},{"taxonomy":"post_tag","embeddable":true,"href":"https:\/\/vsdorfstetten.ac.at\/index.php\/wp-json\/wp\/v2\/tags?post=3734"}],"curies":[{"name":"wp","href":"https:\/\/api.w.org\/{rel}","templated":true}]}}