{"id":3867,"date":"2025-02-24T14:04:00","date_gmt":"2025-02-24T14:04:00","guid":{"rendered":"https:\/\/vsdorfstetten.ac.at\/?p=3867"},"modified":"2025-03-03T14:13:10","modified_gmt":"2025-03-03T14:13:10","slug":"workshop-gesunde-schule-2","status":"publish","type":"post","link":"https:\/\/vsdorfstetten.ac.at\/index.php\/2025\/02\/24\/workshop-gesunde-schule-2\/","title":{"rendered":"Workshop &#8211; Gesunde Schule"},"content":{"rendered":"\n<p>Unsere Volksschule ist seit einigen Jahren Teil des Projekts &#8222;Gesunde Schule&#8220; der \u00d6GK. Jedes Jahr d\u00fcrfen die P\u00e4dagoginnen ein anderes Thema w\u00e4hlen und die \u00d6GK finanziert der Schule einen Kinderworkshop, eine Lehrerfortbildung und einen Elternabend. <\/p>\n\n\n\n<p>Heuer ist das gew\u00e4hlte Thema &#8222;Sicherer Umgang mit digitalen Medien&#8220;. Die Kinder bekamen in den Workshops altersgerechte Informationen dazu. <\/p>\n\n\n\n<figure class=\"wp-container-2 wp-block-gallery-1 wp-block-gallery has-nested-images columns-default is-cropped\">\n<figure class=\"wp-block-image size-large\"><img loading=\"lazy\" width=\"1024\" height=\"576\" data-id=\"3868\"  src=\"https:\/\/vsdorfstetten.ac.at\/wp-content\/uploads\/2025\/03\/IMG_20250225_080726-1024x576.jpg\" alt=\"\" class=\"wp-image-3868\" srcset=\"https:\/\/vsdorfstetten.ac.at\/wp-content\/uploads\/2025\/03\/IMG_20250225_080726-1024x576.jpg 1024w, https:\/\/vsdorfstetten.ac.at\/wp-content\/uploads\/2025\/03\/IMG_20250225_080726-300x169.jpg 300w, https:\/\/vsdorfstetten.ac.at\/wp-content\/uploads\/2025\/03\/IMG_20250225_080726-768x432.jpg 768w, https:\/\/vsdorfstetten.ac.at\/wp-content\/uploads\/2025\/03\/IMG_20250225_080726-1536x864.jpg 1536w, https:\/\/vsdorfstetten.ac.at\/wp-content\/uploads\/2025\/03\/IMG_20250225_080726.jpg 2000w\" sizes=\"(max-width: 1024px) 100vw, 1024px\" \/><\/figure>\n\n\n\n<figure class=\"wp-block-image size-large\"><img loading=\"lazy\" width=\"1024\" height=\"768\" data-id=\"3869\"  src=\"https:\/\/vsdorfstetten.ac.at\/wp-content\/uploads\/2025\/03\/IMG_20250225_113347-1024x768.jpg\" alt=\"\" class=\"wp-image-3869\" srcset=\"https:\/\/vsdorfstetten.ac.at\/wp-content\/uploads\/2025\/03\/IMG_20250225_113347-1024x768.jpg 1024w, https:\/\/vsdorfstetten.ac.at\/wp-content\/uploads\/2025\/03\/IMG_20250225_113347-300x225.jpg 300w, https:\/\/vsdorfstetten.ac.at\/wp-content\/uploads\/2025\/03\/IMG_20250225_113347-768x576.jpg 768w, https:\/\/vsdorfstetten.ac.at\/wp-content\/uploads\/2025\/03\/IMG_20250225_113347-1536x1152.jpg 1536w, https:\/\/vsdorfstetten.ac.at\/wp-content\/uploads\/2025\/03\/IMG_20250225_113347.jpg 2000w\" sizes=\"(max-width: 1024px) 100vw, 1024px\" \/><\/figure>\n<\/figure>\n","protected":false},"excerpt":{"rendered":"<p>Unsere Volksschule ist seit einigen Jahren Teil des Projekts &#8222;Gesunde Schule&#8220; der \u00d6GK. Jedes Jahr d\u00fcrfen die P\u00e4dagoginnen ein anderes &hellip; <\/p>\n","protected":false},"author":1,"featured_media":0,"comment_status":"closed","ping_status":"closed","sticky":false,"template":"","format":"standard","meta":[],"categories":[1],"tags":[],"_links":{"self":[{"href":"https:\/\/vsdorfstetten.ac.at\/index.php\/wp-json\/wp\/v2\/posts\/3867"}],"collection":[{"href":"https:\/\/vsdorfstetten.ac.at\/index.php\/wp-json\/wp\/v2\/posts"}],"about":[{"href":"https:\/\/vsdorfstetten.ac.at\/index.php\/wp-json\/wp\/v2\/types\/post"}],"author":[{"embeddable":true,"href":"https:\/\/vsdorfstetten.ac.at\/index.php\/wp-json\/wp\/v2\/users\/1"}],"replies":[{"embeddable":true,"href":"https:\/\/vsdorfstetten.ac.at\/index.php\/wp-json\/wp\/v2\/comments?post=3867"}],"version-history":[{"count":1,"href":"https:\/\/vsdorfstetten.ac.at\/index.php\/wp-json\/wp\/v2\/posts\/3867\/revisions"}],"predecessor-version":[{"id":3870,"href":"https:\/\/vsdorfstetten.ac.at\/index.php\/wp-json\/wp\/v2\/posts\/3867\/revisions\/3870"}],"wp:attachment":[{"href":"https:\/\/vsdorfstetten.ac.at\/index.php\/wp-json\/wp\/v2\/media?parent=3867"}],"wp:term":[{"taxonomy":"category","embeddable":true,"href":"https:\/\/vsdorfstetten.ac.at\/index.php\/wp-json\/wp\/v2\/categories?post=3867"},{"taxonomy":"post_tag","embeddable":true,"href":"https:\/\/vsdorfstetten.ac.at\/index.php\/wp-json\/wp\/v2\/tags?post=3867"}],"curies":[{"name":"wp","href":"https:\/\/api.w.org\/{rel}","templated":true}]}}