{"id":3878,"date":"2025-03-04T10:41:00","date_gmt":"2025-03-04T10:41:00","guid":{"rendered":"https:\/\/vsdorfstetten.ac.at\/?p=3878"},"modified":"2025-03-07T11:17:41","modified_gmt":"2025-03-07T11:17:41","slug":"eislauftag-2","status":"publish","type":"post","link":"https:\/\/vsdorfstetten.ac.at\/index.php\/2025\/03\/04\/eislauftag-2\/","title":{"rendered":"Eislauftag"},"content":{"rendered":"\n<p>Am 03.M\u00e4rz 2025 fand der Eislauftag in der Eishalle Amstetten statt. Unsere Sch\u00fclerinnen und Sch\u00fcler hatten die Gelegenheit, ihre Eislaufk\u00fcnste zu zeigen und gemeinsam viel Spa\u00df auf dem Eis zu haben.<br><br>Ein herzliches Dankesch\u00f6n geht an die gro\u00dfartigen Begleiteltern, die uns tatkr\u00e4ftig unterst\u00fctzt haben. Ohne eure Hilfe w\u00e4re dieser Vormittag nicht so gelungen gewesen!<\/p>\n\n\n\n<figure class=\"wp-container-2 wp-block-gallery-1 wp-block-gallery has-nested-images columns-default is-cropped\">\n<figure class=\"wp-block-image size-large\"><img loading=\"lazy\" width=\"768\" height=\"1024\" data-id=\"3914\"  src=\"https:\/\/vsdorfstetten.ac.at\/wp-content\/uploads\/2025\/03\/IMG_20250303_091509__01-768x1024.jpg\" alt=\"\" class=\"wp-image-3914\" srcset=\"https:\/\/vsdorfstetten.ac.at\/wp-content\/uploads\/2025\/03\/IMG_20250303_091509__01-768x1023.jpg 768w, https:\/\/vsdorfstetten.ac.at\/wp-content\/uploads\/2025\/03\/IMG_20250303_091509__01-225x300.jpg 225w, https:\/\/vsdorfstetten.ac.at\/wp-content\/uploads\/2025\/03\/IMG_20250303_091509__01.jpg 800w\" sizes=\"(max-width: 768px) 100vw, 768px\" \/><\/figure>\n\n\n\n<figure class=\"wp-block-image size-large\"><img loading=\"lazy\" width=\"768\" height=\"1024\" data-id=\"3910\"  src=\"https:\/\/vsdorfstetten.ac.at\/wp-content\/uploads\/2025\/03\/IMG_20250303_092617-768x1024.jpg\" alt=\"\" class=\"wp-image-3910\" srcset=\"https:\/\/vsdorfstetten.ac.at\/wp-content\/uploads\/2025\/03\/IMG_20250303_092617-768x1023.jpg 768w, https:\/\/vsdorfstetten.ac.at\/wp-content\/uploads\/2025\/03\/IMG_20250303_092617-225x300.jpg 225w, https:\/\/vsdorfstetten.ac.at\/wp-content\/uploads\/2025\/03\/IMG_20250303_092617.jpg 800w\" sizes=\"(max-width: 768px) 100vw, 768px\" \/><\/figure>\n<\/figure>\n\n\n\n<figure class=\"wp-container-4 wp-block-gallery-3 wp-block-gallery has-nested-images columns-default is-cropped\">\n<figure class=\"wp-block-image size-large\"><img loading=\"lazy\" width=\"800\" height=\"600\" data-id=\"3912\"  src=\"https:\/\/vsdorfstetten.ac.at\/wp-content\/uploads\/2025\/03\/IMG_20250303_091541.jpg\" alt=\"\" class=\"wp-image-3912\" srcset=\"https:\/\/vsdorfstetten.ac.at\/wp-content\/uploads\/2025\/03\/IMG_20250303_091541.jpg 800w, https:\/\/vsdorfstetten.ac.at\/wp-content\/uploads\/2025\/03\/IMG_20250303_091541-300x225.jpg 300w, https:\/\/vsdorfstetten.ac.at\/wp-content\/uploads\/2025\/03\/IMG_20250303_091541-768x576.jpg 768w\" sizes=\"(max-width: 800px) 100vw, 800px\" \/><\/figure>\n\n\n\n<figure class=\"wp-block-image size-large\"><img loading=\"lazy\" width=\"800\" height=\"600\" data-id=\"3913\"  src=\"https:\/\/vsdorfstetten.ac.at\/wp-content\/uploads\/2025\/03\/IMG_20250303_091611.jpg\" alt=\"\" class=\"wp-image-3913\" srcset=\"https:\/\/vsdorfstetten.ac.at\/wp-content\/uploads\/2025\/03\/IMG_20250303_091611.jpg 800w, https:\/\/vsdorfstetten.ac.at\/wp-content\/uploads\/2025\/03\/IMG_20250303_091611-300x225.jpg 300w, https:\/\/vsdorfstetten.ac.at\/wp-content\/uploads\/2025\/03\/IMG_20250303_091611-768x576.jpg 768w\" sizes=\"(max-width: 800px) 100vw, 800px\" \/><\/figure>\n<\/figure>\n\n\n<div class=\"wp-block-image\">\n<figure class=\"aligncenter size-full is-resized\"><img loading=\"lazy\" src=\"https:\/\/vsdorfstetten.ac.at\/wp-content\/uploads\/2025\/03\/IMG_20250303_101914.jpg\" alt=\"\" class=\"wp-image-3911\" width=\"722\" height=\"542\" srcset=\"https:\/\/vsdorfstetten.ac.at\/wp-content\/uploads\/2025\/03\/IMG_20250303_101914.jpg 800w, https:\/\/vsdorfstetten.ac.at\/wp-content\/uploads\/2025\/03\/IMG_20250303_101914-300x225.jpg 300w, https:\/\/vsdorfstetten.ac.at\/wp-content\/uploads\/2025\/03\/IMG_20250303_101914-768x576.jpg 768w\" sizes=\"(max-width: 722px) 100vw, 722px\" \/><\/figure><\/div>","protected":false},"excerpt":{"rendered":"<p>Am 03.M\u00e4rz 2025 fand der Eislauftag in der Eishalle Amstetten statt. Unsere Sch\u00fclerinnen und Sch\u00fcler hatten die Gelegenheit, ihre Eislaufk\u00fcnste &hellip; <\/p>\n","protected":false},"author":1,"featured_media":0,"comment_status":"closed","ping_status":"closed","sticky":false,"template":"","format":"standard","meta":[],"categories":[1],"tags":[],"_links":{"self":[{"href":"https:\/\/vsdorfstetten.ac.at\/index.php\/wp-json\/wp\/v2\/posts\/3878"}],"collection":[{"href":"https:\/\/vsdorfstetten.ac.at\/index.php\/wp-json\/wp\/v2\/posts"}],"about":[{"href":"https:\/\/vsdorfstetten.ac.at\/index.php\/wp-json\/wp\/v2\/types\/post"}],"author":[{"embeddable":true,"href":"https:\/\/vsdorfstetten.ac.at\/index.php\/wp-json\/wp\/v2\/users\/1"}],"replies":[{"embeddable":true,"href":"https:\/\/vsdorfstetten.ac.at\/index.php\/wp-json\/wp\/v2\/comments?post=3878"}],"version-history":[{"count":2,"href":"https:\/\/vsdorfstetten.ac.at\/index.php\/wp-json\/wp\/v2\/posts\/3878\/revisions"}],"predecessor-version":[{"id":3915,"href":"https:\/\/vsdorfstetten.ac.at\/index.php\/wp-json\/wp\/v2\/posts\/3878\/revisions\/3915"}],"wp:attachment":[{"href":"https:\/\/vsdorfstetten.ac.at\/index.php\/wp-json\/wp\/v2\/media?parent=3878"}],"wp:term":[{"taxonomy":"category","embeddable":true,"href":"https:\/\/vsdorfstetten.ac.at\/index.php\/wp-json\/wp\/v2\/categories?post=3878"},{"taxonomy":"post_tag","embeddable":true,"href":"https:\/\/vsdorfstetten.ac.at\/index.php\/wp-json\/wp\/v2\/tags?post=3878"}],"curies":[{"name":"wp","href":"https:\/\/api.w.org\/{rel}","templated":true}]}}