{"id":4013,"date":"2025-05-14T10:00:41","date_gmt":"2025-05-14T10:00:41","guid":{"rendered":"https:\/\/vsdorfstetten.ac.at\/?p=4013"},"modified":"2025-05-14T10:00:41","modified_gmt":"2025-05-14T10:00:41","slug":"kreativ-unterwegs-mit-dem-ipad","status":"publish","type":"post","link":"https:\/\/vsdorfstetten.ac.at\/index.php\/2025\/05\/14\/kreativ-unterwegs-mit-dem-ipad\/","title":{"rendered":"Kreativ unterwegs mit dem iPad"},"content":{"rendered":"\n<h3><\/h3>\n\n\n\n<p>Im Workshop mit <strong>Andreas Edelbacher<\/strong> von <strong>N\u00d6 Media<\/strong> lernten die Sch\u00fcler und Sch\u00fclerinnen der 3. und 4. Schulstufe den <strong>kreativen Umgang mit dem iPad<\/strong>: fotografieren, bearbeiten, Einstellungen ausprobieren \u2013 und zum Abschluss gestalteten sie gemeinsam eine bunte <strong>Klassencollage<\/strong>. Ein spannender Tag voller Technik, Kreativit\u00e4t und Teamarbeit!<\/p>\n\n\n<div class=\"wp-block-image\">\n<figure class=\"aligncenter size-large is-resized\"><img loading=\"lazy\" src=\"https:\/\/vsdorfstetten.ac.at\/wp-content\/uploads\/2025\/05\/Klassencollage-724x1024.jpg\" alt=\"\" class=\"wp-image-4014\" width=\"604\" height=\"855\" srcset=\"https:\/\/vsdorfstetten.ac.at\/wp-content\/uploads\/2025\/05\/Klassencollage-724x1024.jpg 724w, https:\/\/vsdorfstetten.ac.at\/wp-content\/uploads\/2025\/05\/Klassencollage-212x300.jpg 212w, https:\/\/vsdorfstetten.ac.at\/wp-content\/uploads\/2025\/05\/Klassencollage-768x1086.jpg 768w, https:\/\/vsdorfstetten.ac.at\/wp-content\/uploads\/2025\/05\/Klassencollage-1086x1536.jpg 1086w, https:\/\/vsdorfstetten.ac.at\/wp-content\/uploads\/2025\/05\/Klassencollage.jpg 1190w\" sizes=\"(max-width: 604px) 100vw, 604px\" \/><\/figure><\/div>","protected":false},"excerpt":{"rendered":"<p>Im Workshop mit Andreas Edelbacher von N\u00d6 Media lernten die Sch\u00fcler und Sch\u00fclerinnen der 3. und 4. Schulstufe den kreativen &hellip; <\/p>\n","protected":false},"author":1,"featured_media":0,"comment_status":"closed","ping_status":"closed","sticky":false,"template":"","format":"standard","meta":[],"categories":[1],"tags":[],"_links":{"self":[{"href":"https:\/\/vsdorfstetten.ac.at\/index.php\/wp-json\/wp\/v2\/posts\/4013"}],"collection":[{"href":"https:\/\/vsdorfstetten.ac.at\/index.php\/wp-json\/wp\/v2\/posts"}],"about":[{"href":"https:\/\/vsdorfstetten.ac.at\/index.php\/wp-json\/wp\/v2\/types\/post"}],"author":[{"embeddable":true,"href":"https:\/\/vsdorfstetten.ac.at\/index.php\/wp-json\/wp\/v2\/users\/1"}],"replies":[{"embeddable":true,"href":"https:\/\/vsdorfstetten.ac.at\/index.php\/wp-json\/wp\/v2\/comments?post=4013"}],"version-history":[{"count":1,"href":"https:\/\/vsdorfstetten.ac.at\/index.php\/wp-json\/wp\/v2\/posts\/4013\/revisions"}],"predecessor-version":[{"id":4015,"href":"https:\/\/vsdorfstetten.ac.at\/index.php\/wp-json\/wp\/v2\/posts\/4013\/revisions\/4015"}],"wp:attachment":[{"href":"https:\/\/vsdorfstetten.ac.at\/index.php\/wp-json\/wp\/v2\/media?parent=4013"}],"wp:term":[{"taxonomy":"category","embeddable":true,"href":"https:\/\/vsdorfstetten.ac.at\/index.php\/wp-json\/wp\/v2\/categories?post=4013"},{"taxonomy":"post_tag","embeddable":true,"href":"https:\/\/vsdorfstetten.ac.at\/index.php\/wp-json\/wp\/v2\/tags?post=4013"}],"curies":[{"name":"wp","href":"https:\/\/api.w.org\/{rel}","templated":true}]}}