{"id":4037,"date":"2025-06-10T13:55:11","date_gmt":"2025-06-10T13:55:11","guid":{"rendered":"https:\/\/vsdorfstetten.ac.at\/?p=4037"},"modified":"2025-06-10T13:55:11","modified_gmt":"2025-06-10T13:55:11","slug":"wandertag-5","status":"publish","type":"post","link":"https:\/\/vsdorfstetten.ac.at\/index.php\/2025\/06\/10\/wandertag-5\/","title":{"rendered":"Wandertag"},"content":{"rendered":"\n<p>Den Dienstag nach Pfingsten nutzen wir, um einen Wandertag zu machen. Frisch erholt vom langen Wochenende marschierten die Kinder eifrig die 9 km lange Strecke von der Schule \u00fcber die Schaflucka und den Winkl wieder zur\u00fcck zur Schule. Eine Jausepause zur St\u00e4rkung auf halber Strecke durfte nat\u00fcrlich nicht fehlen, ebenso wenig  das Entdecken des Waldes mit allen Sinnen (Blumen pfl\u00fccken, Pf\u00fctzen springen, Zapfen sammeln&#8230;.)!<\/p>\n\n\n\n<figure class=\"wp-container-2 wp-block-gallery-1 wp-block-gallery has-nested-images columns-default is-cropped\">\n<figure class=\"wp-block-image size-large\"><img loading=\"lazy\" width=\"1024\" height=\"576\" data-id=\"4038\"  src=\"https:\/\/vsdorfstetten.ac.at\/wp-content\/uploads\/2025\/06\/IMG_20250610_075625-1024x576.jpg\" alt=\"\" class=\"wp-image-4038\" srcset=\"https:\/\/vsdorfstetten.ac.at\/wp-content\/uploads\/2025\/06\/IMG_20250610_075625-1024x576.jpg 1024w, https:\/\/vsdorfstetten.ac.at\/wp-content\/uploads\/2025\/06\/IMG_20250610_075625-300x169.jpg 300w, https:\/\/vsdorfstetten.ac.at\/wp-content\/uploads\/2025\/06\/IMG_20250610_075625-768x432.jpg 768w, https:\/\/vsdorfstetten.ac.at\/wp-content\/uploads\/2025\/06\/IMG_20250610_075625-1536x864.jpg 1536w, https:\/\/vsdorfstetten.ac.at\/wp-content\/uploads\/2025\/06\/IMG_20250610_075625.jpg 2000w\" sizes=\"(max-width: 1024px) 100vw, 1024px\" \/><\/figure>\n\n\n\n<figure class=\"wp-block-image size-large\"><img loading=\"lazy\" width=\"1024\" height=\"577\" data-id=\"4040\"  src=\"https:\/\/vsdorfstetten.ac.at\/wp-content\/uploads\/2025\/06\/IMG_20250610_085412-1024x577.jpg\" alt=\"\" class=\"wp-image-4040\" srcset=\"https:\/\/vsdorfstetten.ac.at\/wp-content\/uploads\/2025\/06\/IMG_20250610_085412-1024x577.jpg 1024w, https:\/\/vsdorfstetten.ac.at\/wp-content\/uploads\/2025\/06\/IMG_20250610_085412-300x169.jpg 300w, https:\/\/vsdorfstetten.ac.at\/wp-content\/uploads\/2025\/06\/IMG_20250610_085412-768x432.jpg 768w, https:\/\/vsdorfstetten.ac.at\/wp-content\/uploads\/2025\/06\/IMG_20250610_085412-1536x865.jpg 1536w, https:\/\/vsdorfstetten.ac.at\/wp-content\/uploads\/2025\/06\/IMG_20250610_085412.jpg 2000w\" sizes=\"(max-width: 1024px) 100vw, 1024px\" \/><\/figure>\n\n\n\n<figure class=\"wp-block-image size-large\"><img loading=\"lazy\" width=\"1024\" height=\"577\" data-id=\"4039\"  src=\"https:\/\/vsdorfstetten.ac.at\/wp-content\/uploads\/2025\/06\/IMG_20250610_094916-1024x577.jpg\" alt=\"\" class=\"wp-image-4039\" srcset=\"https:\/\/vsdorfstetten.ac.at\/wp-content\/uploads\/2025\/06\/IMG_20250610_094916-1024x577.jpg 1024w, https:\/\/vsdorfstetten.ac.at\/wp-content\/uploads\/2025\/06\/IMG_20250610_094916-300x169.jpg 300w, https:\/\/vsdorfstetten.ac.at\/wp-content\/uploads\/2025\/06\/IMG_20250610_094916-768x432.jpg 768w, https:\/\/vsdorfstetten.ac.at\/wp-content\/uploads\/2025\/06\/IMG_20250610_094916-1536x865.jpg 1536w, https:\/\/vsdorfstetten.ac.at\/wp-content\/uploads\/2025\/06\/IMG_20250610_094916.jpg 2000w\" sizes=\"(max-width: 1024px) 100vw, 1024px\" \/><\/figure>\n<\/figure>\n\n\n\n<figure class=\"wp-block-image size-large\"><img loading=\"lazy\" width=\"1024\" height=\"576\" src=\"https:\/\/vsdorfstetten.ac.at\/wp-content\/uploads\/2025\/06\/Bild-20250610-092128-eb42add8-1024x576.jpg\" alt=\"\" class=\"wp-image-4041\" srcset=\"https:\/\/vsdorfstetten.ac.at\/wp-content\/uploads\/2025\/06\/Bild-20250610-092128-eb42add8-1024x576.jpg 1024w, https:\/\/vsdorfstetten.ac.at\/wp-content\/uploads\/2025\/06\/Bild-20250610-092128-eb42add8-300x169.jpg 300w, https:\/\/vsdorfstetten.ac.at\/wp-content\/uploads\/2025\/06\/Bild-20250610-092128-eb42add8-768x432.jpg 768w, https:\/\/vsdorfstetten.ac.at\/wp-content\/uploads\/2025\/06\/Bild-20250610-092128-eb42add8-1536x864.jpg 1536w, https:\/\/vsdorfstetten.ac.at\/wp-content\/uploads\/2025\/06\/Bild-20250610-092128-eb42add8.jpg 2000w\" sizes=\"(max-width: 1024px) 100vw, 1024px\" \/><\/figure>\n\n\n\n<p><\/p>\n","protected":false},"excerpt":{"rendered":"<p>Den Dienstag nach Pfingsten nutzen wir, um einen Wandertag zu machen. Frisch erholt vom langen Wochenende marschierten die Kinder eifrig &hellip; <\/p>\n","protected":false},"author":1,"featured_media":0,"comment_status":"closed","ping_status":"closed","sticky":false,"template":"","format":"standard","meta":[],"categories":[1],"tags":[],"_links":{"self":[{"href":"https:\/\/vsdorfstetten.ac.at\/index.php\/wp-json\/wp\/v2\/posts\/4037"}],"collection":[{"href":"https:\/\/vsdorfstetten.ac.at\/index.php\/wp-json\/wp\/v2\/posts"}],"about":[{"href":"https:\/\/vsdorfstetten.ac.at\/index.php\/wp-json\/wp\/v2\/types\/post"}],"author":[{"embeddable":true,"href":"https:\/\/vsdorfstetten.ac.at\/index.php\/wp-json\/wp\/v2\/users\/1"}],"replies":[{"embeddable":true,"href":"https:\/\/vsdorfstetten.ac.at\/index.php\/wp-json\/wp\/v2\/comments?post=4037"}],"version-history":[{"count":1,"href":"https:\/\/vsdorfstetten.ac.at\/index.php\/wp-json\/wp\/v2\/posts\/4037\/revisions"}],"predecessor-version":[{"id":4042,"href":"https:\/\/vsdorfstetten.ac.at\/index.php\/wp-json\/wp\/v2\/posts\/4037\/revisions\/4042"}],"wp:attachment":[{"href":"https:\/\/vsdorfstetten.ac.at\/index.php\/wp-json\/wp\/v2\/media?parent=4037"}],"wp:term":[{"taxonomy":"category","embeddable":true,"href":"https:\/\/vsdorfstetten.ac.at\/index.php\/wp-json\/wp\/v2\/categories?post=4037"},{"taxonomy":"post_tag","embeddable":true,"href":"https:\/\/vsdorfstetten.ac.at\/index.php\/wp-json\/wp\/v2\/tags?post=4037"}],"curies":[{"name":"wp","href":"https:\/\/api.w.org\/{rel}","templated":true}]}}