{"id":4067,"date":"2025-06-23T09:18:55","date_gmt":"2025-06-23T09:18:55","guid":{"rendered":"https:\/\/vsdorfstetten.ac.at\/?p=4067"},"modified":"2025-06-23T09:18:55","modified_gmt":"2025-06-23T09:18:55","slug":"maerchentage","status":"publish","type":"post","link":"https:\/\/vsdorfstetten.ac.at\/index.php\/2025\/06\/23\/maerchentage\/","title":{"rendered":"M\u00e4rchentage"},"content":{"rendered":"\n<p>Letzte Woche &#8211; von 16. bis 18.06. 2025 &#8211; fanden in unserer Schule <strong>M\u00e4rchentage <\/strong>statt. Die Kinder konnten anhand von verschiedenen Stationen unterschiedliche M\u00e4rchen kennen lernen und diverse Arbeitsauftr\u00e4ge erledigen. Am Montag arbeiteten sie zum M\u00e4rchen &#8222;Der Fr\u00f6schk\u00f6nig&#8220;, am Dienstag war es &#8222;Rotk\u00e4ppchen&#8220; und am Mittwoch &#8222;Rapunzel&#8220;. <\/p>\n\n\n\n<p>Vor allem das Vorlesen der M\u00e4rchen war f\u00fcr die Kinder ein besonderes Highlight.<\/p>\n\n\n\n<figure class=\"wp-container-2 wp-block-gallery-1 wp-block-gallery has-nested-images columns-default is-cropped\">\n<figure class=\"wp-block-image size-large\"><img loading=\"lazy\" width=\"438\" height=\"584\" data-id=\"4070\"  src=\"https:\/\/vsdorfstetten.ac.at\/wp-content\/uploads\/2025\/06\/IMG-20250623-WA0007.jpg\" alt=\"\" class=\"wp-image-4070\" srcset=\"https:\/\/vsdorfstetten.ac.at\/wp-content\/uploads\/2025\/06\/IMG-20250623-WA0007.jpg 438w, https:\/\/vsdorfstetten.ac.at\/wp-content\/uploads\/2025\/06\/IMG-20250623-WA0007-225x300.jpg 225w\" sizes=\"(max-width: 438px) 100vw, 438px\" \/><\/figure>\n\n\n\n<figure class=\"wp-block-image size-large\"><img loading=\"lazy\" width=\"462\" height=\"463\" data-id=\"4071\"  src=\"https:\/\/vsdorfstetten.ac.at\/wp-content\/uploads\/2025\/06\/IMG-20250623-WA0008.jpg\" alt=\"\" class=\"wp-image-4071\" srcset=\"https:\/\/vsdorfstetten.ac.at\/wp-content\/uploads\/2025\/06\/IMG-20250623-WA0008.jpg 462w, https:\/\/vsdorfstetten.ac.at\/wp-content\/uploads\/2025\/06\/IMG-20250623-WA0008-300x300.jpg 300w, https:\/\/vsdorfstetten.ac.at\/wp-content\/uploads\/2025\/06\/IMG-20250623-WA0008-150x150.jpg 150w, https:\/\/vsdorfstetten.ac.at\/wp-content\/uploads\/2025\/06\/IMG-20250623-WA0008-70x70.jpg 70w, https:\/\/vsdorfstetten.ac.at\/wp-content\/uploads\/2025\/06\/IMG-20250623-WA0008-246x246.jpg 246w, https:\/\/vsdorfstetten.ac.at\/wp-content\/uploads\/2025\/06\/IMG-20250623-WA0008-276x276.jpg 276w, https:\/\/vsdorfstetten.ac.at\/wp-content\/uploads\/2025\/06\/IMG-20250623-WA0008-125x125.jpg 125w\" sizes=\"(max-width: 462px) 100vw, 462px\" \/><\/figure>\n\n\n\n<figure class=\"wp-block-image size-large\"><img loading=\"lazy\" width=\"684\" height=\"513\" data-id=\"4072\"  src=\"https:\/\/vsdorfstetten.ac.at\/wp-content\/uploads\/2025\/06\/IMG-20250623-WA0009.jpg\" alt=\"\" class=\"wp-image-4072\" srcset=\"https:\/\/vsdorfstetten.ac.at\/wp-content\/uploads\/2025\/06\/IMG-20250623-WA0009.jpg 684w, https:\/\/vsdorfstetten.ac.at\/wp-content\/uploads\/2025\/06\/IMG-20250623-WA0009-300x225.jpg 300w\" sizes=\"(max-width: 684px) 100vw, 684px\" \/><\/figure>\n<\/figure>\n\n\n\n<figure class=\"wp-block-image size-full\"><img loading=\"lazy\" width=\"768\" height=\"432\" src=\"https:\/\/vsdorfstetten.ac.at\/wp-content\/uploads\/2025\/06\/2-3.jpg\" alt=\"\" class=\"wp-image-4073\" srcset=\"https:\/\/vsdorfstetten.ac.at\/wp-content\/uploads\/2025\/06\/2-3.jpg 768w, https:\/\/vsdorfstetten.ac.at\/wp-content\/uploads\/2025\/06\/2-3-300x169.jpg 300w\" sizes=\"(max-width: 768px) 100vw, 768px\" \/><\/figure>\n","protected":false},"excerpt":{"rendered":"<p>Letzte Woche &#8211; von 16. bis 18.06. 2025 &#8211; fanden in unserer Schule M\u00e4rchentage statt. Die Kinder konnten anhand von &hellip; <\/p>\n","protected":false},"author":1,"featured_media":0,"comment_status":"closed","ping_status":"closed","sticky":false,"template":"","format":"standard","meta":[],"categories":[1],"tags":[],"_links":{"self":[{"href":"https:\/\/vsdorfstetten.ac.at\/index.php\/wp-json\/wp\/v2\/posts\/4067"}],"collection":[{"href":"https:\/\/vsdorfstetten.ac.at\/index.php\/wp-json\/wp\/v2\/posts"}],"about":[{"href":"https:\/\/vsdorfstetten.ac.at\/index.php\/wp-json\/wp\/v2\/types\/post"}],"author":[{"embeddable":true,"href":"https:\/\/vsdorfstetten.ac.at\/index.php\/wp-json\/wp\/v2\/users\/1"}],"replies":[{"embeddable":true,"href":"https:\/\/vsdorfstetten.ac.at\/index.php\/wp-json\/wp\/v2\/comments?post=4067"}],"version-history":[{"count":1,"href":"https:\/\/vsdorfstetten.ac.at\/index.php\/wp-json\/wp\/v2\/posts\/4067\/revisions"}],"predecessor-version":[{"id":4074,"href":"https:\/\/vsdorfstetten.ac.at\/index.php\/wp-json\/wp\/v2\/posts\/4067\/revisions\/4074"}],"wp:attachment":[{"href":"https:\/\/vsdorfstetten.ac.at\/index.php\/wp-json\/wp\/v2\/media?parent=4067"}],"wp:term":[{"taxonomy":"category","embeddable":true,"href":"https:\/\/vsdorfstetten.ac.at\/index.php\/wp-json\/wp\/v2\/categories?post=4067"},{"taxonomy":"post_tag","embeddable":true,"href":"https:\/\/vsdorfstetten.ac.at\/index.php\/wp-json\/wp\/v2\/tags?post=4067"}],"curies":[{"name":"wp","href":"https:\/\/api.w.org\/{rel}","templated":true}]}}