{"id":4092,"date":"2025-06-23T10:26:29","date_gmt":"2025-06-23T10:26:29","guid":{"rendered":"https:\/\/vsdorfstetten.ac.at\/?p=4092"},"modified":"2025-06-23T10:26:29","modified_gmt":"2025-06-23T10:26:29","slug":"religion-1-klasse","status":"publish","type":"post","link":"https:\/\/vsdorfstetten.ac.at\/index.php\/2025\/06\/23\/religion-1-klasse\/","title":{"rendered":"Religion 1. Klasse"},"content":{"rendered":"\n<p>In den letzten Wochen besch\u00e4ftigte sich die 1. Klasse in Religion mit der Geschichte von Jakob und Esau. Die einzelnen Abschnitte der Geschichte wurden dabei mit verschiedenen Bodenbildern gestaltet, woran sich die Kinder eifrig beteiligten.<\/p>\n\n\n\n<p>Den Abschluss der Geschichte, bei der es um die Vers\u00f6hnung der beiden Br\u00fcder, veranschaulichten die Kinder mit tollen Br\u00fccken, die sie gemeinsam bauten.<\/p>\n\n\n\n<figure class=\"wp-block-image size-full\"><img loading=\"lazy\" width=\"768\" height=\"576\" src=\"https:\/\/vsdorfstetten.ac.at\/wp-content\/uploads\/2025\/06\/Religion-1.-Klasse.jpg\" alt=\"\" class=\"wp-image-4093\" srcset=\"https:\/\/vsdorfstetten.ac.at\/wp-content\/uploads\/2025\/06\/Religion-1.-Klasse.jpg 768w, https:\/\/vsdorfstetten.ac.at\/wp-content\/uploads\/2025\/06\/Religion-1.-Klasse-300x225.jpg 300w\" sizes=\"(max-width: 768px) 100vw, 768px\" \/><\/figure>\n","protected":false},"excerpt":{"rendered":"<p>In den letzten Wochen besch\u00e4ftigte sich die 1. Klasse in Religion mit der Geschichte von Jakob und Esau. Die einzelnen &hellip; <\/p>\n","protected":false},"author":1,"featured_media":0,"comment_status":"closed","ping_status":"closed","sticky":false,"template":"","format":"standard","meta":[],"categories":[1],"tags":[],"_links":{"self":[{"href":"https:\/\/vsdorfstetten.ac.at\/index.php\/wp-json\/wp\/v2\/posts\/4092"}],"collection":[{"href":"https:\/\/vsdorfstetten.ac.at\/index.php\/wp-json\/wp\/v2\/posts"}],"about":[{"href":"https:\/\/vsdorfstetten.ac.at\/index.php\/wp-json\/wp\/v2\/types\/post"}],"author":[{"embeddable":true,"href":"https:\/\/vsdorfstetten.ac.at\/index.php\/wp-json\/wp\/v2\/users\/1"}],"replies":[{"embeddable":true,"href":"https:\/\/vsdorfstetten.ac.at\/index.php\/wp-json\/wp\/v2\/comments?post=4092"}],"version-history":[{"count":1,"href":"https:\/\/vsdorfstetten.ac.at\/index.php\/wp-json\/wp\/v2\/posts\/4092\/revisions"}],"predecessor-version":[{"id":4094,"href":"https:\/\/vsdorfstetten.ac.at\/index.php\/wp-json\/wp\/v2\/posts\/4092\/revisions\/4094"}],"wp:attachment":[{"href":"https:\/\/vsdorfstetten.ac.at\/index.php\/wp-json\/wp\/v2\/media?parent=4092"}],"wp:term":[{"taxonomy":"category","embeddable":true,"href":"https:\/\/vsdorfstetten.ac.at\/index.php\/wp-json\/wp\/v2\/categories?post=4092"},{"taxonomy":"post_tag","embeddable":true,"href":"https:\/\/vsdorfstetten.ac.at\/index.php\/wp-json\/wp\/v2\/tags?post=4092"}],"curies":[{"name":"wp","href":"https:\/\/api.w.org\/{rel}","templated":true}]}}