{"id":4098,"date":"2025-06-25T16:21:27","date_gmt":"2025-06-25T16:21:27","guid":{"rendered":"https:\/\/vsdorfstetten.ac.at\/?p=4098"},"modified":"2025-06-25T16:21:27","modified_gmt":"2025-06-25T16:21:27","slug":"sporttag-3","status":"publish","type":"post","link":"https:\/\/vsdorfstetten.ac.at\/index.php\/2025\/06\/25\/sporttag-3\/","title":{"rendered":"Sporttag"},"content":{"rendered":"\n<p>Am 25.6. schwitzten die Sch\u00fclerinnen und Sch\u00fcler bei strahlendem Sonnenschein beim diesj\u00e4hrigen Sporttag. Nach einem gemeinsamen Aufw\u00e4rmen am Sportplatz mit lustigen Staffelspielen absolvierten die Kinder nacheinander die Stationen &#8222;Fu\u00dfball&#8220;, &#8222;Federball&#8220; und &#8222;Hockey&#8220;. <\/p>\n\n\n\n<figure class=\"wp-container-2 wp-block-gallery-1 wp-block-gallery has-nested-images columns-default is-cropped\">\n<figure class=\"wp-block-image size-large\"><img loading=\"lazy\" width=\"1024\" height=\"768\" data-id=\"4099\"  src=\"https:\/\/vsdorfstetten.ac.at\/wp-content\/uploads\/2025\/06\/WhatsApp-Bild-2025-06-25-um-14.40.22_9ce2dc93-1024x768.jpg\" alt=\"\" class=\"wp-image-4099\" srcset=\"https:\/\/vsdorfstetten.ac.at\/wp-content\/uploads\/2025\/06\/WhatsApp-Bild-2025-06-25-um-14.40.22_9ce2dc93-1024x768.jpg 1024w, https:\/\/vsdorfstetten.ac.at\/wp-content\/uploads\/2025\/06\/WhatsApp-Bild-2025-06-25-um-14.40.22_9ce2dc93-300x225.jpg 300w, https:\/\/vsdorfstetten.ac.at\/wp-content\/uploads\/2025\/06\/WhatsApp-Bild-2025-06-25-um-14.40.22_9ce2dc93-768x576.jpg 768w, https:\/\/vsdorfstetten.ac.at\/wp-content\/uploads\/2025\/06\/WhatsApp-Bild-2025-06-25-um-14.40.22_9ce2dc93-1536x1152.jpg 1536w, https:\/\/vsdorfstetten.ac.at\/wp-content\/uploads\/2025\/06\/WhatsApp-Bild-2025-06-25-um-14.40.22_9ce2dc93.jpg 1600w\" sizes=\"(max-width: 1024px) 100vw, 1024px\" \/><\/figure>\n\n\n\n<figure class=\"wp-block-image size-large\"><img loading=\"lazy\" width=\"1024\" height=\"577\" data-id=\"4101\"  src=\"https:\/\/vsdorfstetten.ac.at\/wp-content\/uploads\/2025\/06\/IMG_20250625_084804-1024x577.jpg\" alt=\"\" class=\"wp-image-4101\" srcset=\"https:\/\/vsdorfstetten.ac.at\/wp-content\/uploads\/2025\/06\/IMG_20250625_084804-1024x577.jpg 1024w, https:\/\/vsdorfstetten.ac.at\/wp-content\/uploads\/2025\/06\/IMG_20250625_084804-300x169.jpg 300w, https:\/\/vsdorfstetten.ac.at\/wp-content\/uploads\/2025\/06\/IMG_20250625_084804-768x432.jpg 768w, https:\/\/vsdorfstetten.ac.at\/wp-content\/uploads\/2025\/06\/IMG_20250625_084804-1536x865.jpg 1536w, https:\/\/vsdorfstetten.ac.at\/wp-content\/uploads\/2025\/06\/IMG_20250625_084804.jpg 2000w\" sizes=\"(max-width: 1024px) 100vw, 1024px\" \/><\/figure>\n\n\n\n<figure class=\"wp-block-image size-large\"><img loading=\"lazy\" width=\"1024\" height=\"768\" data-id=\"4100\"  src=\"https:\/\/vsdorfstetten.ac.at\/wp-content\/uploads\/2025\/06\/WhatsApp-Bild-2025-06-25-um-14.40.21_a561d3ae-1024x768.jpg\" alt=\"\" class=\"wp-image-4100\" srcset=\"https:\/\/vsdorfstetten.ac.at\/wp-content\/uploads\/2025\/06\/WhatsApp-Bild-2025-06-25-um-14.40.21_a561d3ae-1024x768.jpg 1024w, https:\/\/vsdorfstetten.ac.at\/wp-content\/uploads\/2025\/06\/WhatsApp-Bild-2025-06-25-um-14.40.21_a561d3ae-300x225.jpg 300w, https:\/\/vsdorfstetten.ac.at\/wp-content\/uploads\/2025\/06\/WhatsApp-Bild-2025-06-25-um-14.40.21_a561d3ae-768x576.jpg 768w, https:\/\/vsdorfstetten.ac.at\/wp-content\/uploads\/2025\/06\/WhatsApp-Bild-2025-06-25-um-14.40.21_a561d3ae-1536x1152.jpg 1536w, https:\/\/vsdorfstetten.ac.at\/wp-content\/uploads\/2025\/06\/WhatsApp-Bild-2025-06-25-um-14.40.21_a561d3ae.jpg 1600w\" sizes=\"(max-width: 1024px) 100vw, 1024px\" \/><\/figure>\n<\/figure>\n\n\n\n<figure class=\"wp-container-4 wp-block-gallery-3 wp-block-gallery has-nested-images columns-default is-cropped\">\n<figure class=\"wp-block-image size-large\"><img loading=\"lazy\" width=\"1024\" height=\"768\" data-id=\"4125\"  src=\"https:\/\/vsdorfstetten.ac.at\/wp-content\/uploads\/2025\/06\/IMG_6830-1024x768.jpg\" alt=\"\" class=\"wp-image-4125\" srcset=\"https:\/\/vsdorfstetten.ac.at\/wp-content\/uploads\/2025\/06\/IMG_6830-1024x768.jpg 1024w, https:\/\/vsdorfstetten.ac.at\/wp-content\/uploads\/2025\/06\/IMG_6830-300x225.jpg 300w, https:\/\/vsdorfstetten.ac.at\/wp-content\/uploads\/2025\/06\/IMG_6830-768x576.jpg 768w, https:\/\/vsdorfstetten.ac.at\/wp-content\/uploads\/2025\/06\/IMG_6830-1536x1152.jpg 1536w, https:\/\/vsdorfstetten.ac.at\/wp-content\/uploads\/2025\/06\/IMG_6830.jpg 2000w\" sizes=\"(max-width: 1024px) 100vw, 1024px\" \/><\/figure>\n\n\n\n<figure class=\"wp-block-image size-large\"><img loading=\"lazy\" width=\"1024\" height=\"768\" data-id=\"4126\"  src=\"https:\/\/vsdorfstetten.ac.at\/wp-content\/uploads\/2025\/06\/IMG_6839-1024x768.jpg\" alt=\"\" class=\"wp-image-4126\" srcset=\"https:\/\/vsdorfstetten.ac.at\/wp-content\/uploads\/2025\/06\/IMG_6839-1024x768.jpg 1024w, https:\/\/vsdorfstetten.ac.at\/wp-content\/uploads\/2025\/06\/IMG_6839-300x225.jpg 300w, https:\/\/vsdorfstetten.ac.at\/wp-content\/uploads\/2025\/06\/IMG_6839-768x576.jpg 768w, https:\/\/vsdorfstetten.ac.at\/wp-content\/uploads\/2025\/06\/IMG_6839-1536x1152.jpg 1536w, https:\/\/vsdorfstetten.ac.at\/wp-content\/uploads\/2025\/06\/IMG_6839.jpg 2000w\" sizes=\"(max-width: 1024px) 100vw, 1024px\" \/><\/figure>\n\n\n\n<figure class=\"wp-block-image size-large\"><img loading=\"lazy\" width=\"1024\" height=\"768\" data-id=\"4127\"  src=\"https:\/\/vsdorfstetten.ac.at\/wp-content\/uploads\/2025\/06\/IMG_6843-1024x768.jpg\" alt=\"\" class=\"wp-image-4127\" srcset=\"https:\/\/vsdorfstetten.ac.at\/wp-content\/uploads\/2025\/06\/IMG_6843-1024x768.jpg 1024w, https:\/\/vsdorfstetten.ac.at\/wp-content\/uploads\/2025\/06\/IMG_6843-300x225.jpg 300w, https:\/\/vsdorfstetten.ac.at\/wp-content\/uploads\/2025\/06\/IMG_6843-768x576.jpg 768w, https:\/\/vsdorfstetten.ac.at\/wp-content\/uploads\/2025\/06\/IMG_6843-1536x1152.jpg 1536w, https:\/\/vsdorfstetten.ac.at\/wp-content\/uploads\/2025\/06\/IMG_6843.jpg 2000w\" sizes=\"(max-width: 1024px) 100vw, 1024px\" \/><\/figure>\n<\/figure>\n","protected":false},"excerpt":{"rendered":"<p>Am 25.6. schwitzten die Sch\u00fclerinnen und Sch\u00fcler bei strahlendem Sonnenschein beim diesj\u00e4hrigen Sporttag. Nach einem gemeinsamen Aufw\u00e4rmen am Sportplatz mit &hellip; <\/p>\n","protected":false},"author":1,"featured_media":0,"comment_status":"closed","ping_status":"closed","sticky":false,"template":"","format":"standard","meta":[],"categories":[1],"tags":[],"_links":{"self":[{"href":"https:\/\/vsdorfstetten.ac.at\/index.php\/wp-json\/wp\/v2\/posts\/4098"}],"collection":[{"href":"https:\/\/vsdorfstetten.ac.at\/index.php\/wp-json\/wp\/v2\/posts"}],"about":[{"href":"https:\/\/vsdorfstetten.ac.at\/index.php\/wp-json\/wp\/v2\/types\/post"}],"author":[{"embeddable":true,"href":"https:\/\/vsdorfstetten.ac.at\/index.php\/wp-json\/wp\/v2\/users\/1"}],"replies":[{"embeddable":true,"href":"https:\/\/vsdorfstetten.ac.at\/index.php\/wp-json\/wp\/v2\/comments?post=4098"}],"version-history":[{"count":2,"href":"https:\/\/vsdorfstetten.ac.at\/index.php\/wp-json\/wp\/v2\/posts\/4098\/revisions"}],"predecessor-version":[{"id":4128,"href":"https:\/\/vsdorfstetten.ac.at\/index.php\/wp-json\/wp\/v2\/posts\/4098\/revisions\/4128"}],"wp:attachment":[{"href":"https:\/\/vsdorfstetten.ac.at\/index.php\/wp-json\/wp\/v2\/media?parent=4098"}],"wp:term":[{"taxonomy":"category","embeddable":true,"href":"https:\/\/vsdorfstetten.ac.at\/index.php\/wp-json\/wp\/v2\/categories?post=4098"},{"taxonomy":"post_tag","embeddable":true,"href":"https:\/\/vsdorfstetten.ac.at\/index.php\/wp-json\/wp\/v2\/tags?post=4098"}],"curies":[{"name":"wp","href":"https:\/\/api.w.org\/{rel}","templated":true}]}}