{"id":4103,"date":"2025-06-25T14:55:00","date_gmt":"2025-06-25T14:55:00","guid":{"rendered":"https:\/\/vsdorfstetten.ac.at\/?p=4103"},"modified":"2025-06-25T15:16:34","modified_gmt":"2025-06-25T15:16:34","slug":"lesenacht-im-waermekraftwerk-theiss","status":"publish","type":"post","link":"https:\/\/vsdorfstetten.ac.at\/index.php\/2025\/06\/25\/lesenacht-im-waermekraftwerk-theiss\/","title":{"rendered":"Lesenacht im W\u00e4rmekraftwerk Thei\u00df"},"content":{"rendered":"\n<p>Am 13.06.2025 fand f\u00fcr unsere Sch\u00fclerinnen und Sch\u00fcler der 3. und 4. Klassen eine ganz besondere Lesenacht statt \u2013 und zwar <strong>im W\u00e4rmekraftwerk Thei\u00df<\/strong>! Gemeinsam mit den dritten Klassen der Volksschule Yspertal erlebten wir spannende Stunden rund um das Thema Energie, Technik und nat\u00fcrlich: Lesen.<\/p>\n\n\n\n<p>Zum Auftakt erhielten wir interessante Informationen \u00fcber die <strong>EVN<\/strong> und das Kraftwerk selbst. Die Kinder konnten sogar bei kleinen <strong>Versuchen<\/strong> selbst aktiv werden und ausprobieren, wie Energie entsteht und genutzt wird.<\/p>\n\n\n\n<p>Im Anschluss stand das gemeinsame <strong>Lesen<\/strong> im Mittelpunkt \u2013 denn was w\u00e4re eine Lesenacht ohne B\u00fccher? <\/p>\n\n\n\n<p>Nat\u00fcrlich durfte auch das leibliche Wohl nicht zu kurz kommen. Beim gemeinsamen <strong>Abendessen<\/strong> st\u00e4rkten sich alle f\u00fcr den weiteren Abend, der mit einer lustigen <strong>Disco<\/strong> und einem <strong>Nachtspaziergang<\/strong> rund ums Kraftwerk seinen H\u00f6hepunkt fand.<\/p>\n\n\n\n<p>Die \u00dcbernachtung im gro\u00dfen Saal war f\u00fcr viele Kinder ein echtes Abenteuer \u2013 mit Schlafs\u00e4cken, Taschenlampen und viel Aufregung. Am n\u00e4chsten Morgen starteten wir mit einem gem\u00fctlichen <strong>Fr\u00fchst\u00fcck<\/strong>, bevor wir bei einer spannenden <strong>F\u00fchrung durch das W\u00e4rmekraftwerk<\/strong> noch einmal hinter die Kulissen blicken durften.<\/p>\n\n\n\n<p>Diese Lesenacht war ein tolles Erlebnis f\u00fcr alle Beteiligten \u2013 mit viel Gemeinschaft, neuem Wissen und bleibenden Eindr\u00fccken! <\/p>\n\n\n\n<figure class=\"wp-container-2 wp-block-gallery-1 wp-block-gallery has-nested-images columns-default is-cropped\">\n<figure class=\"wp-block-image size-large\"><img loading=\"lazy\" width=\"800\" height=\"533\" data-id=\"4109\"  src=\"https:\/\/vsdorfstetten.ac.at\/wp-content\/uploads\/2025\/06\/DSC_5797.jpg\" alt=\"\" class=\"wp-image-4109\" srcset=\"https:\/\/vsdorfstetten.ac.at\/wp-content\/uploads\/2025\/06\/DSC_5797.jpg 800w, https:\/\/vsdorfstetten.ac.at\/wp-content\/uploads\/2025\/06\/DSC_5797-300x200.jpg 300w, https:\/\/vsdorfstetten.ac.at\/wp-content\/uploads\/2025\/06\/DSC_5797-768x512.jpg 768w\" sizes=\"(max-width: 800px) 100vw, 800px\" \/><\/figure>\n<\/figure>\n\n\n\n<figure class=\"wp-block-image size-large\"><img loading=\"lazy\" width=\"1024\" height=\"683\" src=\"https:\/\/vsdorfstetten.ac.at\/wp-content\/uploads\/2025\/06\/DSC_5520-1-1024x683.jpg\" alt=\"\" class=\"wp-image-4112\" srcset=\"https:\/\/vsdorfstetten.ac.at\/wp-content\/uploads\/2025\/06\/DSC_5520-1-1024x683.jpg 1024w, https:\/\/vsdorfstetten.ac.at\/wp-content\/uploads\/2025\/06\/DSC_5520-1-300x200.jpg 300w, https:\/\/vsdorfstetten.ac.at\/wp-content\/uploads\/2025\/06\/DSC_5520-1-768x513.jpg 768w, https:\/\/vsdorfstetten.ac.at\/wp-content\/uploads\/2025\/06\/DSC_5520-1-1536x1025.jpg 1536w, https:\/\/vsdorfstetten.ac.at\/wp-content\/uploads\/2025\/06\/DSC_5520-1-2048x1367.jpg 2048w\" sizes=\"(max-width: 1024px) 100vw, 1024px\" \/><\/figure>\n","protected":false},"excerpt":{"rendered":"<p>Am 13.06.2025 fand f\u00fcr unsere Sch\u00fclerinnen und Sch\u00fcler der 3. und 4. Klassen eine ganz besondere Lesenacht statt \u2013 und &hellip; <\/p>\n","protected":false},"author":1,"featured_media":0,"comment_status":"closed","ping_status":"closed","sticky":false,"template":"","format":"standard","meta":[],"categories":[1],"tags":[],"_links":{"self":[{"href":"https:\/\/vsdorfstetten.ac.at\/index.php\/wp-json\/wp\/v2\/posts\/4103"}],"collection":[{"href":"https:\/\/vsdorfstetten.ac.at\/index.php\/wp-json\/wp\/v2\/posts"}],"about":[{"href":"https:\/\/vsdorfstetten.ac.at\/index.php\/wp-json\/wp\/v2\/types\/post"}],"author":[{"embeddable":true,"href":"https:\/\/vsdorfstetten.ac.at\/index.php\/wp-json\/wp\/v2\/users\/1"}],"replies":[{"embeddable":true,"href":"https:\/\/vsdorfstetten.ac.at\/index.php\/wp-json\/wp\/v2\/comments?post=4103"}],"version-history":[{"count":2,"href":"https:\/\/vsdorfstetten.ac.at\/index.php\/wp-json\/wp\/v2\/posts\/4103\/revisions"}],"predecessor-version":[{"id":4113,"href":"https:\/\/vsdorfstetten.ac.at\/index.php\/wp-json\/wp\/v2\/posts\/4103\/revisions\/4113"}],"wp:attachment":[{"href":"https:\/\/vsdorfstetten.ac.at\/index.php\/wp-json\/wp\/v2\/media?parent=4103"}],"wp:term":[{"taxonomy":"category","embeddable":true,"href":"https:\/\/vsdorfstetten.ac.at\/index.php\/wp-json\/wp\/v2\/categories?post=4103"},{"taxonomy":"post_tag","embeddable":true,"href":"https:\/\/vsdorfstetten.ac.at\/index.php\/wp-json\/wp\/v2\/tags?post=4103"}],"curies":[{"name":"wp","href":"https:\/\/api.w.org\/{rel}","templated":true}]}}