{"id":4105,"date":"2025-06-25T15:10:00","date_gmt":"2025-06-25T15:10:00","guid":{"rendered":"https:\/\/vsdorfstetten.ac.at\/?p=4105"},"modified":"2025-06-25T15:10:00","modified_gmt":"2025-06-25T15:10:00","slug":"raiffeisen-zeichenwettbewerb","status":"publish","type":"post","link":"https:\/\/vsdorfstetten.ac.at\/index.php\/2025\/06\/25\/raiffeisen-zeichenwettbewerb\/","title":{"rendered":"Raiffeisen Zeichenwettbewerb"},"content":{"rendered":"\n<p>Auch in diesem Schuljahr nahmen unsere Sch\u00fclerinnen und Sch\u00fcler wieder mit viel Kreativit\u00e4t und Begeisterung am <strong>Raiffeisen-Zeichenwettbewerb<\/strong> teil. Das diesj\u00e4hrige Thema lautete:<br><strong>\u201eWelche digitalen Ger\u00e4te umgeben dich?\u201c<\/strong><\/p>\n\n\n\n<p>In den Klassen wurde eifrig gezeichnet, gemalt und gestaltet. Die Kinder setzten sich dabei nicht nur k\u00fcnstlerisch, sondern auch inhaltlich mit der Welt der digitalen Medien auseinander. Vom Tablet \u00fcber das Smartphone bis hin zu Smartwatches und Computern \u2013 die Vielfalt der Ideen war beeindruckend!<\/p>\n\n\n\n<p>Mit gro\u00dfer Freude d\u00fcrfen wir den <strong>Gewinnerinnen und Gewinnern<\/strong> herzlich <strong>gratulieren<\/strong>! Ihre Bilder \u00fcberzeugten durch Kreativit\u00e4t, Technik und eine klare Botschaft.<\/p>\n\n\n\n<p>Ein gro\u00dfes Dankesch\u00f6n gilt der <strong>Raiffeisenbank<\/strong> <strong>Perg <\/strong>f\u00fcr die Organisation dieses Wettbewerbs und die tollen Preise.<\/p>\n\n\n\n<figure class=\"wp-block-image size-full\"><img loading=\"lazy\" width=\"800\" height=\"600\" src=\"https:\/\/vsdorfstetten.ac.at\/wp-content\/uploads\/2025\/06\/Bild-20250617-060541-d951c47d.jpeg\" alt=\"\" class=\"wp-image-4114\" srcset=\"https:\/\/vsdorfstetten.ac.at\/wp-content\/uploads\/2025\/06\/Bild-20250617-060541-d951c47d.jpeg 800w, https:\/\/vsdorfstetten.ac.at\/wp-content\/uploads\/2025\/06\/Bild-20250617-060541-d951c47d-300x225.jpeg 300w, https:\/\/vsdorfstetten.ac.at\/wp-content\/uploads\/2025\/06\/Bild-20250617-060541-d951c47d-768x576.jpeg 768w\" sizes=\"(max-width: 800px) 100vw, 800px\" \/><\/figure>\n","protected":false},"excerpt":{"rendered":"<p>Auch in diesem Schuljahr nahmen unsere Sch\u00fclerinnen und Sch\u00fcler wieder mit viel Kreativit\u00e4t und Begeisterung am Raiffeisen-Zeichenwettbewerb teil. Das diesj\u00e4hrige &hellip; <\/p>\n","protected":false},"author":1,"featured_media":0,"comment_status":"closed","ping_status":"closed","sticky":false,"template":"","format":"standard","meta":[],"categories":[1],"tags":[],"_links":{"self":[{"href":"https:\/\/vsdorfstetten.ac.at\/index.php\/wp-json\/wp\/v2\/posts\/4105"}],"collection":[{"href":"https:\/\/vsdorfstetten.ac.at\/index.php\/wp-json\/wp\/v2\/posts"}],"about":[{"href":"https:\/\/vsdorfstetten.ac.at\/index.php\/wp-json\/wp\/v2\/types\/post"}],"author":[{"embeddable":true,"href":"https:\/\/vsdorfstetten.ac.at\/index.php\/wp-json\/wp\/v2\/users\/1"}],"replies":[{"embeddable":true,"href":"https:\/\/vsdorfstetten.ac.at\/index.php\/wp-json\/wp\/v2\/comments?post=4105"}],"version-history":[{"count":2,"href":"https:\/\/vsdorfstetten.ac.at\/index.php\/wp-json\/wp\/v2\/posts\/4105\/revisions"}],"predecessor-version":[{"id":4115,"href":"https:\/\/vsdorfstetten.ac.at\/index.php\/wp-json\/wp\/v2\/posts\/4105\/revisions\/4115"}],"wp:attachment":[{"href":"https:\/\/vsdorfstetten.ac.at\/index.php\/wp-json\/wp\/v2\/media?parent=4105"}],"wp:term":[{"taxonomy":"category","embeddable":true,"href":"https:\/\/vsdorfstetten.ac.at\/index.php\/wp-json\/wp\/v2\/categories?post=4105"},{"taxonomy":"post_tag","embeddable":true,"href":"https:\/\/vsdorfstetten.ac.at\/index.php\/wp-json\/wp\/v2\/tags?post=4105"}],"curies":[{"name":"wp","href":"https:\/\/api.w.org\/{rel}","templated":true}]}}