{"id":4137,"date":"2025-09-16T08:56:58","date_gmt":"2025-09-16T08:56:58","guid":{"rendered":"https:\/\/vsdorfstetten.ac.at\/?p=4137"},"modified":"2025-09-16T08:56:58","modified_gmt":"2025-09-16T08:56:58","slug":"wandertag-6","status":"publish","type":"post","link":"https:\/\/vsdorfstetten.ac.at\/index.php\/2025\/09\/16\/wandertag-6\/","title":{"rendered":"Wandertag"},"content":{"rendered":"\n<p>Am 11. September machten sich beide Klassen mit Wanderrucksack und gro\u00dfer Freude auf den Weg Richtung Forsthaus Hinterredt. Der Himmel war zwar bedeckt und die Sonne blitzte den ganzen Vormittag kaum durch, doch das st\u00f6rte die Kinder nicht. Mal mehr und Mal weniger motiviert marschierten sie den Weg entlang und hatten dabei viel Zeit zu plaudern. Beim Kreuzstock beim Forsthaus machten die Kinder eine Jausen- und Spielpause, bevor es zur\u00fcck zur Schule ging. Als sie h\u00f6rten, dass sie 7,7 km gegangen sind, waren sie ganz sch\u00f6n stolz!<\/p>\n\n\n\n<figure class=\"wp-block-image size-full\"><img loading=\"lazy\" width=\"800\" height=\"600\" src=\"https:\/\/vsdorfstetten.ac.at\/wp-content\/uploads\/2025\/09\/WhatsApp-Image-2025-09-11-at-15.24.36.jpeg\" alt=\"\" class=\"wp-image-4139\" srcset=\"https:\/\/vsdorfstetten.ac.at\/wp-content\/uploads\/2025\/09\/WhatsApp-Image-2025-09-11-at-15.24.36.jpeg 800w, https:\/\/vsdorfstetten.ac.at\/wp-content\/uploads\/2025\/09\/WhatsApp-Image-2025-09-11-at-15.24.36-300x225.jpeg 300w, https:\/\/vsdorfstetten.ac.at\/wp-content\/uploads\/2025\/09\/WhatsApp-Image-2025-09-11-at-15.24.36-768x576.jpeg 768w\" sizes=\"(max-width: 800px) 100vw, 800px\" \/><\/figure>\n","protected":false},"excerpt":{"rendered":"<p>Am 11. September machten sich beide Klassen mit Wanderrucksack und gro\u00dfer Freude auf den Weg Richtung Forsthaus Hinterredt. Der Himmel &hellip; <\/p>\n","protected":false},"author":1,"featured_media":0,"comment_status":"closed","ping_status":"closed","sticky":false,"template":"","format":"standard","meta":[],"categories":[1],"tags":[],"_links":{"self":[{"href":"https:\/\/vsdorfstetten.ac.at\/index.php\/wp-json\/wp\/v2\/posts\/4137"}],"collection":[{"href":"https:\/\/vsdorfstetten.ac.at\/index.php\/wp-json\/wp\/v2\/posts"}],"about":[{"href":"https:\/\/vsdorfstetten.ac.at\/index.php\/wp-json\/wp\/v2\/types\/post"}],"author":[{"embeddable":true,"href":"https:\/\/vsdorfstetten.ac.at\/index.php\/wp-json\/wp\/v2\/users\/1"}],"replies":[{"embeddable":true,"href":"https:\/\/vsdorfstetten.ac.at\/index.php\/wp-json\/wp\/v2\/comments?post=4137"}],"version-history":[{"count":2,"href":"https:\/\/vsdorfstetten.ac.at\/index.php\/wp-json\/wp\/v2\/posts\/4137\/revisions"}],"predecessor-version":[{"id":4140,"href":"https:\/\/vsdorfstetten.ac.at\/index.php\/wp-json\/wp\/v2\/posts\/4137\/revisions\/4140"}],"wp:attachment":[{"href":"https:\/\/vsdorfstetten.ac.at\/index.php\/wp-json\/wp\/v2\/media?parent=4137"}],"wp:term":[{"taxonomy":"category","embeddable":true,"href":"https:\/\/vsdorfstetten.ac.at\/index.php\/wp-json\/wp\/v2\/categories?post=4137"},{"taxonomy":"post_tag","embeddable":true,"href":"https:\/\/vsdorfstetten.ac.at\/index.php\/wp-json\/wp\/v2\/tags?post=4137"}],"curies":[{"name":"wp","href":"https:\/\/api.w.org\/{rel}","templated":true}]}}