{"id":4454,"date":"2026-02-28T09:05:27","date_gmt":"2026-02-28T09:05:27","guid":{"rendered":"https:\/\/vsdorfstetten.ac.at\/?p=4454"},"modified":"2026-02-28T09:05:27","modified_gmt":"2026-02-28T09:05:27","slug":"spass-und-bewegung-beim-eislauftag","status":"publish","type":"post","link":"https:\/\/vsdorfstetten.ac.at\/index.php\/2026\/02\/28\/spass-und-bewegung-beim-eislauftag\/","title":{"rendered":"Spa\u00df und Bewegung beim Eislauftag"},"content":{"rendered":"\n<p>Am 27.02.2026 fand unser Eislauftag in der Eishalle Amstetten statt. Die ganze Schule war mit dabei und verbrachte einen sportlichen und fr\u00f6hlichen Tag am Eis.<\/p>\n\n\n\n<p>Mit viel Begeisterung drehten die Kinder ihre Runden, \u00fcbten flei\u00dfig und zeigten stolz ihr K\u00f6nnen. Ob erste Schritte am Eis oder schon richtige Kunstst\u00fccke, alle hatten gro\u00dfen Spa\u00df und unterst\u00fctzten sich gegenseitig.<\/p>\n\n\n\n<p>Ein herzliches Dankesch\u00f6n gilt auch den Begleitpersonen, die uns tatkr\u00e4ftig unterst\u00fctzt und diesen gelungenen Vormittag m\u00f6glich gemacht haben. Es war ein wundersch\u00f6nes Gemeinschaftserlebnis, das uns allen noch lange in Erinnerung bleiben wird.<\/p>\n\n\n\n<figure class=\"wp-container-2 wp-block-gallery-1 wp-block-gallery has-nested-images columns-default is-cropped\">\n<figure class=\"wp-block-image size-large\"><img loading=\"lazy\" width=\"768\" height=\"1024\" data-id=\"4455\"  src=\"https:\/\/vsdorfstetten.ac.at\/wp-content\/uploads\/2026\/02\/WhatsApp-Image-2026-02-28-at-09.55.124-768x1024.jpeg\" alt=\"\" class=\"wp-image-4455\" srcset=\"https:\/\/vsdorfstetten.ac.at\/wp-content\/uploads\/2026\/02\/WhatsApp-Image-2026-02-28-at-09.55.124-768x1024.jpeg 768w, https:\/\/vsdorfstetten.ac.at\/wp-content\/uploads\/2026\/02\/WhatsApp-Image-2026-02-28-at-09.55.124-225x300.jpeg 225w, https:\/\/vsdorfstetten.ac.at\/wp-content\/uploads\/2026\/02\/WhatsApp-Image-2026-02-28-at-09.55.124-1152x1536.jpeg 1152w, https:\/\/vsdorfstetten.ac.at\/wp-content\/uploads\/2026\/02\/WhatsApp-Image-2026-02-28-at-09.55.124.jpeg 1200w\" sizes=\"(max-width: 768px) 100vw, 768px\" \/><\/figure>\n\n\n\n<figure class=\"wp-block-image size-large\"><img loading=\"lazy\" width=\"1024\" height=\"768\" data-id=\"4457\"  src=\"https:\/\/vsdorfstetten.ac.at\/wp-content\/uploads\/2026\/02\/WhatsApp-Image-2026-02-28-at-09.55.112-1024x768.jpeg\" alt=\"\" class=\"wp-image-4457\" srcset=\"https:\/\/vsdorfstetten.ac.at\/wp-content\/uploads\/2026\/02\/WhatsApp-Image-2026-02-28-at-09.55.112-1024x768.jpeg 1024w, https:\/\/vsdorfstetten.ac.at\/wp-content\/uploads\/2026\/02\/WhatsApp-Image-2026-02-28-at-09.55.112-300x225.jpeg 300w, https:\/\/vsdorfstetten.ac.at\/wp-content\/uploads\/2026\/02\/WhatsApp-Image-2026-02-28-at-09.55.112-768x576.jpeg 768w, https:\/\/vsdorfstetten.ac.at\/wp-content\/uploads\/2026\/02\/WhatsApp-Image-2026-02-28-at-09.55.112-1536x1152.jpeg 1536w, https:\/\/vsdorfstetten.ac.at\/wp-content\/uploads\/2026\/02\/WhatsApp-Image-2026-02-28-at-09.55.112.jpeg 1600w\" sizes=\"(max-width: 1024px) 100vw, 1024px\" \/><\/figure>\n\n\n\n<figure class=\"wp-block-image size-large\"><img loading=\"lazy\" width=\"1024\" height=\"768\" data-id=\"4456\"  src=\"https:\/\/vsdorfstetten.ac.at\/wp-content\/uploads\/2026\/02\/WhatsApp-Image-2026-02-28-at-09.55.101-1024x768.jpeg\" alt=\"\" class=\"wp-image-4456\" srcset=\"https:\/\/vsdorfstetten.ac.at\/wp-content\/uploads\/2026\/02\/WhatsApp-Image-2026-02-28-at-09.55.101-1024x768.jpeg 1024w, https:\/\/vsdorfstetten.ac.at\/wp-content\/uploads\/2026\/02\/WhatsApp-Image-2026-02-28-at-09.55.101-300x225.jpeg 300w, https:\/\/vsdorfstetten.ac.at\/wp-content\/uploads\/2026\/02\/WhatsApp-Image-2026-02-28-at-09.55.101-768x576.jpeg 768w, https:\/\/vsdorfstetten.ac.at\/wp-content\/uploads\/2026\/02\/WhatsApp-Image-2026-02-28-at-09.55.101-1536x1152.jpeg 1536w, https:\/\/vsdorfstetten.ac.at\/wp-content\/uploads\/2026\/02\/WhatsApp-Image-2026-02-28-at-09.55.101.jpeg 1600w\" sizes=\"(max-width: 1024px) 100vw, 1024px\" \/><\/figure>\n<\/figure>\n\n\n<div class=\"wp-block-image\">\n<figure class=\"aligncenter size-large is-resized\"><img loading=\"lazy\" src=\"https:\/\/vsdorfstetten.ac.at\/wp-content\/uploads\/2026\/02\/WhatsApp-Image-2026-02-28-at-09.55.143-1024x768.jpeg\" alt=\"\" class=\"wp-image-4458\" width=\"568\" height=\"426\" srcset=\"https:\/\/vsdorfstetten.ac.at\/wp-content\/uploads\/2026\/02\/WhatsApp-Image-2026-02-28-at-09.55.143-1024x768.jpeg 1024w, https:\/\/vsdorfstetten.ac.at\/wp-content\/uploads\/2026\/02\/WhatsApp-Image-2026-02-28-at-09.55.143-300x225.jpeg 300w, https:\/\/vsdorfstetten.ac.at\/wp-content\/uploads\/2026\/02\/WhatsApp-Image-2026-02-28-at-09.55.143-768x576.jpeg 768w, https:\/\/vsdorfstetten.ac.at\/wp-content\/uploads\/2026\/02\/WhatsApp-Image-2026-02-28-at-09.55.143-1536x1152.jpeg 1536w, https:\/\/vsdorfstetten.ac.at\/wp-content\/uploads\/2026\/02\/WhatsApp-Image-2026-02-28-at-09.55.143.jpeg 2048w\" sizes=\"(max-width: 568px) 100vw, 568px\" \/><\/figure><\/div>","protected":false},"excerpt":{"rendered":"<p>Am 27.02.2026 fand unser Eislauftag in der Eishalle Amstetten statt. Die ganze Schule war mit dabei und verbrachte einen sportlichen &hellip; <\/p>\n","protected":false},"author":1,"featured_media":0,"comment_status":"closed","ping_status":"closed","sticky":false,"template":"","format":"standard","meta":[],"categories":[1],"tags":[],"_links":{"self":[{"href":"https:\/\/vsdorfstetten.ac.at\/index.php\/wp-json\/wp\/v2\/posts\/4454"}],"collection":[{"href":"https:\/\/vsdorfstetten.ac.at\/index.php\/wp-json\/wp\/v2\/posts"}],"about":[{"href":"https:\/\/vsdorfstetten.ac.at\/index.php\/wp-json\/wp\/v2\/types\/post"}],"author":[{"embeddable":true,"href":"https:\/\/vsdorfstetten.ac.at\/index.php\/wp-json\/wp\/v2\/users\/1"}],"replies":[{"embeddable":true,"href":"https:\/\/vsdorfstetten.ac.at\/index.php\/wp-json\/wp\/v2\/comments?post=4454"}],"version-history":[{"count":1,"href":"https:\/\/vsdorfstetten.ac.at\/index.php\/wp-json\/wp\/v2\/posts\/4454\/revisions"}],"predecessor-version":[{"id":4459,"href":"https:\/\/vsdorfstetten.ac.at\/index.php\/wp-json\/wp\/v2\/posts\/4454\/revisions\/4459"}],"wp:attachment":[{"href":"https:\/\/vsdorfstetten.ac.at\/index.php\/wp-json\/wp\/v2\/media?parent=4454"}],"wp:term":[{"taxonomy":"category","embeddable":true,"href":"https:\/\/vsdorfstetten.ac.at\/index.php\/wp-json\/wp\/v2\/categories?post=4454"},{"taxonomy":"post_tag","embeddable":true,"href":"https:\/\/vsdorfstetten.ac.at\/index.php\/wp-json\/wp\/v2\/tags?post=4454"}],"curies":[{"name":"wp","href":"https:\/\/api.w.org\/{rel}","templated":true}]}}