{"id":4508,"date":"2026-04-21T07:26:16","date_gmt":"2026-04-21T07:26:16","guid":{"rendered":"https:\/\/vsdorfstetten.ac.at\/?p=4508"},"modified":"2026-04-21T07:26:16","modified_gmt":"2026-04-21T07:26:16","slug":"die-kleine-meerjungfrau","status":"publish","type":"post","link":"https:\/\/vsdorfstetten.ac.at\/index.php\/2026\/04\/21\/die-kleine-meerjungfrau\/","title":{"rendered":"Die kleine Meerjungfrau"},"content":{"rendered":"\n<p>Am <strong>16.04.2026<\/strong> besuchten wir gemeinsam mit den <strong>Vorschulkindern <\/strong>des Kindergartens Dorfstetten die Auff\u00fchrung von &#8222;<strong>Die kleine Meerjungfrau<\/strong>&#8220; nach dem bekannten M\u00e4rchen von Hans Christian Andersen.<\/p>\n\n\n\n<p>In einer farbenfrohen Unterwasserwelt voller Tiere und Pflanzen lebt die kleine Meerjungfrau Marie die sich frei und sicher f\u00fchlt. Dennoch zieht es sie in die Welt der Menschen. Nachdem sie bei einem Sturm einen Prinzen rettet und sich in ihn verliebt w\u00e4chst ihre Sehnsucht ihn wiederzusehen. Um an Land leben zu k\u00f6nnen geht sie einen gef\u00e4hrlichen Handel mit der Meerhexe ein und gibt ihre Stimme auf. Doch der Preis ist hoch Nur wenn der Prinz sich ebenfalls in sie verliebt kann sie bleiben sonst droht ihr ein tragisches Schicksal.<\/p>\n\n\n\n<p>Die Auff\u00fchrung begeisterte Gro\u00df und Klein und bot einen eindrucksvollen Einblick in die Welt eines zeitlosen M\u00e4rchens.<\/p>\n\n\n\n<figure class=\"wp-container-2 wp-block-gallery-1 wp-block-gallery has-nested-images columns-default is-cropped\">\n<figure class=\"wp-block-image size-large\"><img loading=\"lazy\" width=\"1024\" height=\"768\" data-id=\"4510\"  src=\"https:\/\/vsdorfstetten.ac.at\/wp-content\/uploads\/2026\/04\/Bild-20260416-073656-4e4d61ce-1024x768.jpeg\" alt=\"\" class=\"wp-image-4510\" srcset=\"https:\/\/vsdorfstetten.ac.at\/wp-content\/uploads\/2026\/04\/Bild-20260416-073656-4e4d61ce-1024x768.jpeg 1024w, https:\/\/vsdorfstetten.ac.at\/wp-content\/uploads\/2026\/04\/Bild-20260416-073656-4e4d61ce-300x225.jpeg 300w, https:\/\/vsdorfstetten.ac.at\/wp-content\/uploads\/2026\/04\/Bild-20260416-073656-4e4d61ce-768x576.jpeg 768w, https:\/\/vsdorfstetten.ac.at\/wp-content\/uploads\/2026\/04\/Bild-20260416-073656-4e4d61ce-1536x1152.jpeg 1536w, https:\/\/vsdorfstetten.ac.at\/wp-content\/uploads\/2026\/04\/Bild-20260416-073656-4e4d61ce-2048x1536.jpeg 2048w\" sizes=\"(max-width: 1024px) 100vw, 1024px\" \/><\/figure>\n\n\n\n<figure class=\"wp-block-image size-large\"><img loading=\"lazy\" width=\"1024\" height=\"768\" data-id=\"4511\"  src=\"https:\/\/vsdorfstetten.ac.at\/wp-content\/uploads\/2026\/04\/Bild-20260416-080351-e36c626e-1024x768.jpeg\" alt=\"\" class=\"wp-image-4511\" srcset=\"https:\/\/vsdorfstetten.ac.at\/wp-content\/uploads\/2026\/04\/Bild-20260416-080351-e36c626e-1024x768.jpeg 1024w, https:\/\/vsdorfstetten.ac.at\/wp-content\/uploads\/2026\/04\/Bild-20260416-080351-e36c626e-300x225.jpeg 300w, https:\/\/vsdorfstetten.ac.at\/wp-content\/uploads\/2026\/04\/Bild-20260416-080351-e36c626e-768x576.jpeg 768w, https:\/\/vsdorfstetten.ac.at\/wp-content\/uploads\/2026\/04\/Bild-20260416-080351-e36c626e-1536x1152.jpeg 1536w, https:\/\/vsdorfstetten.ac.at\/wp-content\/uploads\/2026\/04\/Bild-20260416-080351-e36c626e-2048x1536.jpeg 2048w\" sizes=\"(max-width: 1024px) 100vw, 1024px\" \/><\/figure>\n<\/figure>\n","protected":false},"excerpt":{"rendered":"<p>Am 16.04.2026 besuchten wir gemeinsam mit den Vorschulkindern des Kindergartens Dorfstetten die Auff\u00fchrung von &#8222;Die kleine Meerjungfrau&#8220; nach dem bekannten &hellip; <\/p>\n","protected":false},"author":1,"featured_media":0,"comment_status":"closed","ping_status":"closed","sticky":false,"template":"","format":"standard","meta":[],"categories":[1],"tags":[],"_links":{"self":[{"href":"https:\/\/vsdorfstetten.ac.at\/index.php\/wp-json\/wp\/v2\/posts\/4508"}],"collection":[{"href":"https:\/\/vsdorfstetten.ac.at\/index.php\/wp-json\/wp\/v2\/posts"}],"about":[{"href":"https:\/\/vsdorfstetten.ac.at\/index.php\/wp-json\/wp\/v2\/types\/post"}],"author":[{"embeddable":true,"href":"https:\/\/vsdorfstetten.ac.at\/index.php\/wp-json\/wp\/v2\/users\/1"}],"replies":[{"embeddable":true,"href":"https:\/\/vsdorfstetten.ac.at\/index.php\/wp-json\/wp\/v2\/comments?post=4508"}],"version-history":[{"count":2,"href":"https:\/\/vsdorfstetten.ac.at\/index.php\/wp-json\/wp\/v2\/posts\/4508\/revisions"}],"predecessor-version":[{"id":4512,"href":"https:\/\/vsdorfstetten.ac.at\/index.php\/wp-json\/wp\/v2\/posts\/4508\/revisions\/4512"}],"wp:attachment":[{"href":"https:\/\/vsdorfstetten.ac.at\/index.php\/wp-json\/wp\/v2\/media?parent=4508"}],"wp:term":[{"taxonomy":"category","embeddable":true,"href":"https:\/\/vsdorfstetten.ac.at\/index.php\/wp-json\/wp\/v2\/categories?post=4508"},{"taxonomy":"post_tag","embeddable":true,"href":"https:\/\/vsdorfstetten.ac.at\/index.php\/wp-json\/wp\/v2\/tags?post=4508"}],"curies":[{"name":"wp","href":"https:\/\/api.w.org\/{rel}","templated":true}]}}