{"id":4513,"date":"2026-04-22T13:23:25","date_gmt":"2026-04-22T13:23:25","guid":{"rendered":"https:\/\/vsdorfstetten.ac.at\/?p=4513"},"modified":"2026-04-22T13:23:25","modified_gmt":"2026-04-22T13:23:25","slug":"gemeinsam-sicher-feuerwehr-3","status":"publish","type":"post","link":"https:\/\/vsdorfstetten.ac.at\/index.php\/2026\/04\/22\/gemeinsam-sicher-feuerwehr-3\/","title":{"rendered":"GEMEINSAM SICHER FEUERWEHR"},"content":{"rendered":"\n<p>Die Materialien von Gemeinsam. Sicher. Feuerwehr sollen Kinder vom Kindergarten an daf\u00fcr sensibilisieren, ihr sicheres Lebensumfeld selbst aktiv mitzugestalten. Doch ebenso wichtig wie die Gefahrenpr\u00e4vention ist die richtige Reaktion in Gefahrensituationen. Beides haben die Kinder der 3. Schulstufe in einem Themenheft ausf\u00fchrlich erarbeitet. Gemeinsam mit der 4. Schulstufe durften sie dann am 17. April der Freiwilligen Feuerwehr Dorfstetten einen Besuch abstatten. Dort wurde zusammen noch einmal die Ausstattung eines Feuerwehrmitglieds besprochen und die Kinder durften viele Ger\u00e4te kennenlernen und teilweise auch ausprobieren, z.B. hatten sie die M\u00f6glichkeit, eine Metallstange durchzuschneiden. Zur\u00fcck zu Schule ging es dann im Feuerwehrauto! Danke an OBI Nikolaus Rafetseder und sein Team, die uns diesen informativen Vormittag erm\u00f6glicht haben!<\/p>\n\n\n\n<figure class=\"wp-container-2 wp-block-gallery-1 wp-block-gallery has-nested-images columns-default is-cropped\">\n<figure class=\"wp-block-image size-large\"><img loading=\"lazy\" width=\"768\" height=\"1024\" data-id=\"4518\"  src=\"https:\/\/vsdorfstetten.ac.at\/wp-content\/uploads\/2026\/04\/IMG_20260417_100005-768x1024.jpg\" alt=\"\" class=\"wp-image-4518\" srcset=\"https:\/\/vsdorfstetten.ac.at\/wp-content\/uploads\/2026\/04\/IMG_20260417_100005-768x1024.jpg 768w, https:\/\/vsdorfstetten.ac.at\/wp-content\/uploads\/2026\/04\/IMG_20260417_100005-225x300.jpg 225w, https:\/\/vsdorfstetten.ac.at\/wp-content\/uploads\/2026\/04\/IMG_20260417_100005-1152x1536.jpg 1152w, https:\/\/vsdorfstetten.ac.at\/wp-content\/uploads\/2026\/04\/IMG_20260417_100005.jpg 1500w\" sizes=\"(max-width: 768px) 100vw, 768px\" \/><\/figure>\n\n\n\n<figure class=\"wp-block-image size-large\"><img loading=\"lazy\" width=\"768\" height=\"1024\" data-id=\"4515\"  src=\"https:\/\/vsdorfstetten.ac.at\/wp-content\/uploads\/2026\/04\/IMG_20260417_101653-768x1024.jpg\" alt=\"\" class=\"wp-image-4515\" srcset=\"https:\/\/vsdorfstetten.ac.at\/wp-content\/uploads\/2026\/04\/IMG_20260417_101653-768x1024.jpg 768w, https:\/\/vsdorfstetten.ac.at\/wp-content\/uploads\/2026\/04\/IMG_20260417_101653-225x300.jpg 225w, https:\/\/vsdorfstetten.ac.at\/wp-content\/uploads\/2026\/04\/IMG_20260417_101653-1152x1536.jpg 1152w, https:\/\/vsdorfstetten.ac.at\/wp-content\/uploads\/2026\/04\/IMG_20260417_101653.jpg 1500w\" sizes=\"(max-width: 768px) 100vw, 768px\" \/><\/figure>\n\n\n\n<figure class=\"wp-block-image size-large\"><img loading=\"lazy\" width=\"1024\" height=\"768\" data-id=\"4517\"  src=\"https:\/\/vsdorfstetten.ac.at\/wp-content\/uploads\/2026\/04\/IMG_20260417_110133-1024x768.jpg\" alt=\"\" class=\"wp-image-4517\" srcset=\"https:\/\/vsdorfstetten.ac.at\/wp-content\/uploads\/2026\/04\/IMG_20260417_110133-1024x768.jpg 1024w, https:\/\/vsdorfstetten.ac.at\/wp-content\/uploads\/2026\/04\/IMG_20260417_110133-300x225.jpg 300w, https:\/\/vsdorfstetten.ac.at\/wp-content\/uploads\/2026\/04\/IMG_20260417_110133-768x576.jpg 768w, https:\/\/vsdorfstetten.ac.at\/wp-content\/uploads\/2026\/04\/IMG_20260417_110133-1536x1152.jpg 1536w, https:\/\/vsdorfstetten.ac.at\/wp-content\/uploads\/2026\/04\/IMG_20260417_110133.jpg 2000w\" sizes=\"(max-width: 1024px) 100vw, 1024px\" \/><\/figure>\n\n\n\n<figure class=\"wp-block-image size-large\"><img loading=\"lazy\" width=\"1024\" height=\"768\" data-id=\"4520\"  src=\"https:\/\/vsdorfstetten.ac.at\/wp-content\/uploads\/2026\/04\/IMG_20260417_104634-1024x768.jpg\" alt=\"\" class=\"wp-image-4520\" srcset=\"https:\/\/vsdorfstetten.ac.at\/wp-content\/uploads\/2026\/04\/IMG_20260417_104634-1024x768.jpg 1024w, https:\/\/vsdorfstetten.ac.at\/wp-content\/uploads\/2026\/04\/IMG_20260417_104634-300x225.jpg 300w, https:\/\/vsdorfstetten.ac.at\/wp-content\/uploads\/2026\/04\/IMG_20260417_104634-768x576.jpg 768w, https:\/\/vsdorfstetten.ac.at\/wp-content\/uploads\/2026\/04\/IMG_20260417_104634-1536x1152.jpg 1536w, https:\/\/vsdorfstetten.ac.at\/wp-content\/uploads\/2026\/04\/IMG_20260417_104634.jpg 2000w\" sizes=\"(max-width: 1024px) 100vw, 1024px\" \/><\/figure>\n\n\n\n<figure class=\"wp-block-image size-large\"><img loading=\"lazy\" width=\"1024\" height=\"768\" data-id=\"4519\"  src=\"https:\/\/vsdorfstetten.ac.at\/wp-content\/uploads\/2026\/04\/IMG_20260417_095217-1024x768.jpg\" alt=\"\" class=\"wp-image-4519\" srcset=\"https:\/\/vsdorfstetten.ac.at\/wp-content\/uploads\/2026\/04\/IMG_20260417_095217-1024x768.jpg 1024w, https:\/\/vsdorfstetten.ac.at\/wp-content\/uploads\/2026\/04\/IMG_20260417_095217-300x225.jpg 300w, https:\/\/vsdorfstetten.ac.at\/wp-content\/uploads\/2026\/04\/IMG_20260417_095217-768x576.jpg 768w, https:\/\/vsdorfstetten.ac.at\/wp-content\/uploads\/2026\/04\/IMG_20260417_095217-1536x1152.jpg 1536w, https:\/\/vsdorfstetten.ac.at\/wp-content\/uploads\/2026\/04\/IMG_20260417_095217.jpg 2000w\" sizes=\"(max-width: 1024px) 100vw, 1024px\" \/><\/figure>\n\n\n\n<figure class=\"wp-block-image size-large\"><img loading=\"lazy\" width=\"1024\" height=\"768\" data-id=\"4516\"  src=\"https:\/\/vsdorfstetten.ac.at\/wp-content\/uploads\/2026\/04\/IMG_20260417_112232-1024x768.jpg\" alt=\"\" class=\"wp-image-4516\" srcset=\"https:\/\/vsdorfstetten.ac.at\/wp-content\/uploads\/2026\/04\/IMG_20260417_112232-1024x768.jpg 1024w, https:\/\/vsdorfstetten.ac.at\/wp-content\/uploads\/2026\/04\/IMG_20260417_112232-300x225.jpg 300w, https:\/\/vsdorfstetten.ac.at\/wp-content\/uploads\/2026\/04\/IMG_20260417_112232-768x576.jpg 768w, https:\/\/vsdorfstetten.ac.at\/wp-content\/uploads\/2026\/04\/IMG_20260417_112232-1536x1152.jpg 1536w, https:\/\/vsdorfstetten.ac.at\/wp-content\/uploads\/2026\/04\/IMG_20260417_112232.jpg 2000w\" sizes=\"(max-width: 1024px) 100vw, 1024px\" \/><\/figure>\n<\/figure>\n","protected":false},"excerpt":{"rendered":"<p>Die Materialien von Gemeinsam. Sicher. Feuerwehr sollen Kinder vom Kindergarten an daf\u00fcr sensibilisieren, ihr sicheres Lebensumfeld selbst aktiv mitzugestalten. Doch &hellip; <\/p>\n","protected":false},"author":1,"featured_media":0,"comment_status":"closed","ping_status":"closed","sticky":false,"template":"","format":"standard","meta":[],"categories":[1],"tags":[],"_links":{"self":[{"href":"https:\/\/vsdorfstetten.ac.at\/index.php\/wp-json\/wp\/v2\/posts\/4513"}],"collection":[{"href":"https:\/\/vsdorfstetten.ac.at\/index.php\/wp-json\/wp\/v2\/posts"}],"about":[{"href":"https:\/\/vsdorfstetten.ac.at\/index.php\/wp-json\/wp\/v2\/types\/post"}],"author":[{"embeddable":true,"href":"https:\/\/vsdorfstetten.ac.at\/index.php\/wp-json\/wp\/v2\/users\/1"}],"replies":[{"embeddable":true,"href":"https:\/\/vsdorfstetten.ac.at\/index.php\/wp-json\/wp\/v2\/comments?post=4513"}],"version-history":[{"count":2,"href":"https:\/\/vsdorfstetten.ac.at\/index.php\/wp-json\/wp\/v2\/posts\/4513\/revisions"}],"predecessor-version":[{"id":4521,"href":"https:\/\/vsdorfstetten.ac.at\/index.php\/wp-json\/wp\/v2\/posts\/4513\/revisions\/4521"}],"wp:attachment":[{"href":"https:\/\/vsdorfstetten.ac.at\/index.php\/wp-json\/wp\/v2\/media?parent=4513"}],"wp:term":[{"taxonomy":"category","embeddable":true,"href":"https:\/\/vsdorfstetten.ac.at\/index.php\/wp-json\/wp\/v2\/categories?post=4513"},{"taxonomy":"post_tag","embeddable":true,"href":"https:\/\/vsdorfstetten.ac.at\/index.php\/wp-json\/wp\/v2\/tags?post=4513"}],"curies":[{"name":"wp","href":"https:\/\/api.w.org\/{rel}","templated":true}]}}