{"id":761,"date":"2021-05-30T09:37:31","date_gmt":"2021-05-30T09:37:31","guid":{"rendered":"https:\/\/vsdorfstetten.ac.at\/?p=761"},"modified":"2023-03-13T09:47:35","modified_gmt":"2023-03-13T09:47:35","slug":"erstkommunion-2021","status":"publish","type":"post","link":"https:\/\/vsdorfstetten.ac.at\/index.php\/2021\/05\/30\/erstkommunion-2021\/","title":{"rendered":"Erstkommunion 2021"},"content":{"rendered":"\n<p>Bei sch\u00f6ner Witterung fand die Erstkommunion am <strong>Sonntag, den 30. Mai 2021 <\/strong>statt. <strong>6 Kinder<\/strong> der zweiten Schulstufe durften an diesem Tag die Heilige Kommunion zum ersten Mal empfangen: Lena Gartner, Lena H\u00f6berstockm\u00fcller, Magdalena Haselberger, Julian Steinkellner, Tim Leonhardsberger und Michael Brunner.<\/p>\n\n\n\n<p>F\u00fcr die musikalische Gestaltung sorgten die Kinder der Volkssschule gemeinsam mit ihren Lehrerinnen.<\/p>\n\n\n\n<p>Beim anschlie\u00dfenden <strong>Fr\u00fchst\u00fcck<\/strong> im Pfarrheim konnten sich die Kinder bei einem Kipferl st\u00e4rken. Danke an <strong>Familie G\u00f6bel<\/strong> f\u00fcr die Kipferlspende.<\/p>\n\n\n\n<p>Ein herzliches Danke gilt an dieser Stelle auch  <strong>Herrn Dechant Gr\u00fclnberger<\/strong> f\u00fcr die w\u00fcrdevolle Gestaltung der Messe.<\/p>\n\n\n\n<p>Bedanken m\u00f6chten wir uns auch bei allen <strong>Eltern<\/strong> und <strong>Mitwirkenden<\/strong> aus der Pfarre f\u00fcr die gute Zusammenarbeit. Es war ein sehr stimmungsvolles Fest.<\/p>\n","protected":false},"excerpt":{"rendered":"<p>Bei sch\u00f6ner Witterung fand die Erstkommunion am Sonntag, den 30. Mai 2021 statt. 6 Kinder der zweiten Schulstufe durften an &hellip; <\/p>\n","protected":false},"author":1,"featured_media":0,"comment_status":"closed","ping_status":"closed","sticky":false,"template":"","format":"standard","meta":[],"categories":[1],"tags":[],"_links":{"self":[{"href":"https:\/\/vsdorfstetten.ac.at\/index.php\/wp-json\/wp\/v2\/posts\/761"}],"collection":[{"href":"https:\/\/vsdorfstetten.ac.at\/index.php\/wp-json\/wp\/v2\/posts"}],"about":[{"href":"https:\/\/vsdorfstetten.ac.at\/index.php\/wp-json\/wp\/v2\/types\/post"}],"author":[{"embeddable":true,"href":"https:\/\/vsdorfstetten.ac.at\/index.php\/wp-json\/wp\/v2\/users\/1"}],"replies":[{"embeddable":true,"href":"https:\/\/vsdorfstetten.ac.at\/index.php\/wp-json\/wp\/v2\/comments?post=761"}],"version-history":[{"count":3,"href":"https:\/\/vsdorfstetten.ac.at\/index.php\/wp-json\/wp\/v2\/posts\/761\/revisions"}],"predecessor-version":[{"id":2394,"href":"https:\/\/vsdorfstetten.ac.at\/index.php\/wp-json\/wp\/v2\/posts\/761\/revisions\/2394"}],"wp:attachment":[{"href":"https:\/\/vsdorfstetten.ac.at\/index.php\/wp-json\/wp\/v2\/media?parent=761"}],"wp:term":[{"taxonomy":"category","embeddable":true,"href":"https:\/\/vsdorfstetten.ac.at\/index.php\/wp-json\/wp\/v2\/categories?post=761"},{"taxonomy":"post_tag","embeddable":true,"href":"https:\/\/vsdorfstetten.ac.at\/index.php\/wp-json\/wp\/v2\/tags?post=761"}],"curies":[{"name":"wp","href":"https:\/\/api.w.org\/{rel}","templated":true}]}}